{"id":5008,"date":"2023-04-24T10:14:41","date_gmt":"2023-04-24T16:14:41","guid":{"rendered":"https:\/\/cepiacostarica.org\/?p=5008"},"modified":"2023-04-25T13:43:53","modified_gmt":"2023-04-25T19:43:53","slug":"boletin-de-noticias-enero-marzo-2023","status":"publish","type":"post","link":"https:\/\/cepiacostarica.org\/es\/news\/2023\/04\/boletin-de-noticias-enero-marzo-2023\/","title":{"rendered":"Bolet\u00edn de noticias Enero &#8211; Marzo 2023"},"content":{"rendered":"<h2>Proyecto Vida Mujer<\/h2>\n<p>Proyecto Vida Mujer se enorgullece de informar que en los primeros tres meses de 2023, nuestros esfuerzos para brindar acceso a DIU (dispositivo intrauterino o t de cobre) a mujeres de bajos ingresos han seguido teniendo un impacto positivo en las mujeres y las comunidades de Costa Rica. A trav\u00e9s de cinco cl\u00ednicas distintas hemos atendido a 97 mujeres en Sardinal, San Jos\u00e9, Huacas y Santa Cruz, en Costa Rica.<\/p>\n<p><img data-dominant-color=\"776c70\" data-has-transparency=\"false\" style=\"--dominant-color: #776c70;\" loading=\"lazy\" decoding=\"async\" class=\"aligncenter size-full wp-image-4959 not-transparent\" src=\"https:\/\/cepiacostarica.org\/wp-content\/uploads\/2023\/04\/News_Ene-Mar-1-2.webp\" alt=\"\" width=\"630\" height=\"309\" srcset=\"https:\/\/cepiacostarica.org\/wp-content\/uploads\/2023\/04\/News_Ene-Mar-1-2.webp 630w, https:\/\/cepiacostarica.org\/wp-content\/uploads\/2023\/04\/News_Ene-Mar-1-2-300x147.webp 300w, https:\/\/cepiacostarica.org\/wp-content\/uploads\/2023\/04\/News_Ene-Mar-1-2-280x137.webp 280w\" sizes=\"auto, (max-width: 630px) 100vw, 630px\" \/><img data-dominant-color=\"896f67\" data-has-transparency=\"false\" style=\"--dominant-color: #896f67;\" loading=\"lazy\" decoding=\"async\" class=\"aligncenter size-full wp-image-4961 not-transparent\" src=\"https:\/\/cepiacostarica.org\/wp-content\/uploads\/2023\/04\/News_Ene-Mar-3-4.webp\" alt=\"\" width=\"630\" height=\"248\" srcset=\"https:\/\/cepiacostarica.org\/wp-content\/uploads\/2023\/04\/News_Ene-Mar-3-4.webp 630w, https:\/\/cepiacostarica.org\/wp-content\/uploads\/2023\/04\/News_Ene-Mar-3-4-300x118.webp 300w, https:\/\/cepiacostarica.org\/wp-content\/uploads\/2023\/04\/News_Ene-Mar-3-4-280x110.webp 280w\" sizes=\"auto, (max-width: 630px) 100vw, 630px\" \/>Nuestras cinco cl\u00ednicas han sido atendidas por m\u00e9dicos voluntarios dedicados, incluida la Dra. Mariangel Mora, la Dra. Alejandra Barboza Castro, el Dr. Roloun Jim\u00e9nez y el Director anterior del Hospital M\u00e9xico, el Dr. Jorge Salgot Salgado, quienes generosamente han brindado su tiempo y experiencia para marcar una diferencia en la vida de estas mujeres. Tambi\u00e9n nos gustar\u00eda agradecer a Beach Side Clinic por permitirnos usar su espacio. Estamos incre\u00edblemente agradecidos por su compromiso con Proyecto Vida Mujer y el impacto que han tenido.<\/p>\n<p>El control de la natalidad es un derecho fundamental para todas las mujeres, y creemos firmemente que es crucial empoderarlas para que tomen decisiones informadas sobre su salud reproductiva. Con la colaboraci\u00f3n de otras organizaciones sin fines de lucro como Chepe Se Ba\u00f1a y Mission Activation, hemos podido llegar a m\u00e1s mujeres que de otra manera no tendr\u00edan acceso a estos servicios esenciales. Adem\u00e1s, hemos creado una alianza muy necesaria con Dkt International, quien ha donado generosamente todos los t de cobre que hemos necesitado durante los \u00faltimos tres meses y se ha comprometido a seguir apoyando a Proyecto Vida Mujer y nuestras futuras cl\u00ednicas.<br \/>\nLos DIU tienen una eficacia superior al 99 % en la prevenci\u00f3n del embarazo. Esto significa que son una de las formas m\u00e1s confiables de control de la natalidad disponibles. De hecho, seg\u00fan estad\u00edsticas recientes, la tasa de embarazo adolescente de Costa Rica ha disminuido significativamente en los \u00faltimos a\u00f1os, lo que atribuimos en parte a la accesibilidad a los m\u00e9todos anticonceptivos, la educaci\u00f3n y el continuo empoderamiento de mujeres y ni\u00f1as. Geneva Garc\u00eda Ellen, quien coordina este programa, agreg\u00f3 recientemente m\u00e1s informaci\u00f3n sobre consentimiento sexual y sexo seguro a las sesiones educativas previas a la inserci\u00f3n.<\/p>\n<p>A medida que continuamos con nuestro trabajo durante todo el a\u00f1o, seguimos comprometidos a marcar una diferencia en la vida de las mujeres de nuestra comunidad. Estamos agradecidos por su continuo apoyo y esperamos compartir m\u00e1s actualizaciones con usted en los pr\u00f3ximos meses. Gracias a los siguientes voluntarios por su apoyo y servicio: Willow Moyran, Diana Blanco, Sydney Smith, Natasha Avrith, Janiva Cifuentes-Hiss, Jessica Barba, Pilar Cardozo, Sara Laurin, Mildred Skrivan y Kaymar Atabai.<\/p>\n<h2>Mujeres Emprendedoras<\/h2>\n<p><img data-dominant-color=\"91948a\" data-has-transparency=\"false\" style=\"--dominant-color: #91948a;\" loading=\"lazy\" decoding=\"async\" class=\"aligncenter size-full wp-image-4963 not-transparent\" src=\"https:\/\/cepiacostarica.org\/wp-content\/uploads\/2023\/04\/News_Ene-Mar-5.webp\" alt=\"\" width=\"550\" height=\"380\" srcset=\"https:\/\/cepiacostarica.org\/wp-content\/uploads\/2023\/04\/News_Ene-Mar-5.webp 550w, https:\/\/cepiacostarica.org\/wp-content\/uploads\/2023\/04\/News_Ene-Mar-5-300x207.webp 300w, https:\/\/cepiacostarica.org\/wp-content\/uploads\/2023\/04\/News_Ene-Mar-5-271x187.webp 271w\" sizes=\"auto, (max-width: 550px) 100vw, 550px\" \/>Gracias al asocio con la plataforma Donorsee hemos tenido la posibilidad de apoyar este trimestre a 2 emprendedoras para cumplir sus sue\u00f1os. Patricia fortaleci\u00f3 su emprendimiento de masajes y cuidado personal y Kattia su emprendimiento de comidas caseras. Estos apoyos resultan sumamente significativos para la estabilidad econ\u00f3mica de la familia. Invertir en mujeres es invertir en las familias. Este proyecto se realiza con apoyo de las voluntarias Majo Abugattas, Luisa Reyes, Johanne Bade, Stephanie y Arianne Lippens, Nathalie Salazar.<\/p>\n<p>Descrube cual proyecto quieres conocer y apoyar:<\/p>\n<p><a href=\"https:\/\/donorsee.com\/cepiacostarica\" target=\"_blank\" rel=\"noopener\">https:\/\/donorsee.com\/cepiacostarica<\/a><br \/>\n<a name=\"circulo-de-mujeres\"><\/a><\/p>\n<h2>Circulo de Mujeres<\/h2>\n<p><img data-dominant-color=\"888986\" data-has-transparency=\"false\" style=\"--dominant-color: #888986;\" loading=\"lazy\" decoding=\"async\" class=\"aligncenter size-full wp-image-4965 not-transparent\" src=\"https:\/\/cepiacostarica.org\/wp-content\/uploads\/2023\/04\/News_Ene-Mar-6-7.webp\" alt=\"\" width=\"630\" height=\"227\" srcset=\"https:\/\/cepiacostarica.org\/wp-content\/uploads\/2023\/04\/News_Ene-Mar-6-7.webp 630w, https:\/\/cepiacostarica.org\/wp-content\/uploads\/2023\/04\/News_Ene-Mar-6-7-300x108.webp 300w, https:\/\/cepiacostarica.org\/wp-content\/uploads\/2023\/04\/News_Ene-Mar-6-7-280x101.webp 280w\" sizes=\"auto, (max-width: 630px) 100vw, 630px\" \/>Estamos muy felices de que el C\u00edrculo de Mujeres se haya convertido en un espacio donde las mujeres se sienten seguras y en confianza de tratar temas para su crecimiento personal y empoderamiento. Los talleres transcurren entre juegos, reflexiones, trabajo en equipo, di\u00e1logos y testimonios.<\/p>\n<p>Iniciamos el trimestre con un taller de autocuidado, para conectarnos con nosotras mismas e iniciar un viaje al interior de cada una, luego complementamos este trabajo con un taller de expresi\u00f3n corporal con la profesora Micaela Ribeiro, para entrar posteriormente en un viaje de fortalecimiento de activos elementales para favorecer el reconocimiento del valor de cada una y la importancia del grupo como una red que las sostiene y las nutre.<br \/>\n<a name=\"club-de-ninas-exitosas\"><\/a><\/p>\n<h2>Club de ni\u00f1as exitosas<\/h2>\n<p><img data-dominant-color=\"6f7173\" data-has-transparency=\"false\" style=\"--dominant-color: #6f7173;\" loading=\"lazy\" decoding=\"async\" class=\"aligncenter wp-image-5021 size-full not-transparent\" src=\"https:\/\/cepiacostarica.org\/wp-content\/uploads\/2023\/04\/News_Ene-Mar-8.webp\" alt=\"\" width=\"550\" height=\"409\" srcset=\"https:\/\/cepiacostarica.org\/wp-content\/uploads\/2023\/04\/News_Ene-Mar-8.webp 550w, https:\/\/cepiacostarica.org\/wp-content\/uploads\/2023\/04\/News_Ene-Mar-8-300x223.webp 300w, https:\/\/cepiacostarica.org\/wp-content\/uploads\/2023\/04\/News_Ene-Mar-8-251x187.webp 251w\" sizes=\"auto, (max-width: 550px) 100vw, 550px\" \/>En febrero 2023 se retom\u00f3 el Club de Ni\u00f1as Exitosas en la comunidad de Brasilito. Durante las primeras sesiones de este a\u00f1o las chicas han aprendido sobre emociones, resoluci\u00f3n de conflictos y maneras asertivas de comunicarnos. Actualmente, se aborda contenido sobre necesidades y administraci\u00f3n del dinero; un tema que despierta gran inter\u00e9s en las ni\u00f1as y en el que, a trav\u00e9s de actividades y juegos, desarrollamos habilidades y conocimientos para que las ni\u00f1as usen sus recursos de manera inteligente desde edades tempranas y en la adultez.<\/p>\n<p>En el club de ni\u00f1as en la comunidad de 27 abril se trabaj\u00f3 el lema &#8220;Las mujeres s\u00ed somos amigas\u201d , y el fortalecimiento de las relaciones interpersonales de las ni\u00f1as, disfrutando de un hermoso conversatorio donde se logran expresar frases motivacionales para cada una de sus compa\u00f1eras, refuerce lazos de amistad creados durante el club.<br \/>\nCon mucho entusiasmo y alegr\u00eda se han iniciado clubes en 9 comunidades nuevas las cuales son: Lorena, Porte golpe, Hatillo, El Llano, Hern\u00e1ndez, Para\u00edso, Rio Seco, Guapote y Las Delicias, con 135 ni\u00f1as matriculadas para ser beneficiadas del programa. Agradecemos al personal de los centros educativos por recibirnos y apoyarnos en esta labor colectiva.<\/p>\n<p>En el mes de marzo finaliza el club de ni\u00f1as en la comunidad de Villarreal, como cierre tuvimos una linda y divertida graduaci\u00f3n en un paseo al Hotel Vista Villas, agradecemos a Trevor Bernard y el personal por su amable atenci\u00f3n, las chicas lo disfrutaron mucho, adem\u00e1s de disfrutar de un rico almuerzo. Tambi\u00e9n un agradecimiento a las voluntarias Sophia Schollkopf, Nina Dejans , Sarah De Smet por acompa\u00f1arnos al cuido de ellas.<br \/>\n<a name=\"surf-4-youth\"><\/a><\/p>\n<h2>Surf 4 Youth<\/h2>\n<p><img data-dominant-color=\"739aba\" data-has-transparency=\"false\" style=\"--dominant-color: #739aba;\" loading=\"lazy\" decoding=\"async\" class=\"aligncenter size-full wp-image-4967 not-transparent\" src=\"https:\/\/cepiacostarica.org\/wp-content\/uploads\/2023\/04\/News_Ene-Mar-9.webp\" alt=\"\" width=\"550\" height=\"750\" srcset=\"https:\/\/cepiacostarica.org\/wp-content\/uploads\/2023\/04\/News_Ene-Mar-9.webp 550w, https:\/\/cepiacostarica.org\/wp-content\/uploads\/2023\/04\/News_Ene-Mar-9-220x300.webp 220w, https:\/\/cepiacostarica.org\/wp-content\/uploads\/2023\/04\/News_Ene-Mar-9-137x187.webp 137w\" sizes=\"auto, (max-width: 550px) 100vw, 550px\" \/>El grupo de S4Y junto a su entrenador excampe\u00f3n nacional Juan Carlos Naranjo, ha estado trabajando en acondicionamiento f\u00edsico, entrenamientos de surf enfocados en competici\u00f3n. El equipo ha asistido a dos campeonatos de surf en donde los chicos han tenido resultados aceptables, se ha trabajado t\u00e9cnicas de videoan\u00e1lisis para corregir la t\u00e9cnica a la hora de correr la ola o ejecutar la maniobra para mejorar la t\u00e9cnica o postura del cuerpo.<\/p>\n<p>Estos son los resultados del equipo de S4Y en el torneo de Guiones.<br \/>\n<strong>Juan David<\/strong>: 4to lugar, cuartos de final, categor\u00eda junior men.<br \/>\n<strong>Mateo Moreno<\/strong>: 5to lugar, cuartos de final, categor\u00eda dolphin boys.<br \/>\n<strong>Iker Moreno<\/strong>: 4rto lugar, gran final, categor\u00eda dolphin boys.<br \/>\n<strong>Valeska Montoya<\/strong>: 4to lugar, cuartos de final, categor\u00eda junior women, y 4to lugar, gran final, categor\u00eda grom girl.<\/p>\n<h2>Torneo de Jac\u00f3<\/h2>\n<p><strong>Iker Moreno<\/strong>: 5to lugar categor\u00eda dolphin boys.<br \/>\n<strong>Mateo Moreno<\/strong>: 4to lugar, cuartos de final, categor\u00eda dolphin boys.<br \/>\n<strong>Valeska Montoya<\/strong>: 3er lugar, cuartos de final, categor\u00eda grom girl. 5to lugar categor\u00eda junior women.<\/p>\n<p>Felicitamos al coach por su gran labor.<br \/>\n<a name=\"natacion-campamento\"><\/a><\/p>\n<h2>Nataci\u00f3n, campamentos y danza<\/h2>\n<p><img data-dominant-color=\"5d6a6b\" data-has-transparency=\"false\" style=\"--dominant-color: #5d6a6b;\" loading=\"lazy\" decoding=\"async\" class=\"aligncenter size-full wp-image-4969 not-transparent\" src=\"https:\/\/cepiacostarica.org\/wp-content\/uploads\/2023\/04\/News_Ene-Mar-10.webp\" alt=\"\" width=\"550\" height=\"386\" srcset=\"https:\/\/cepiacostarica.org\/wp-content\/uploads\/2023\/04\/News_Ene-Mar-10.webp 550w, https:\/\/cepiacostarica.org\/wp-content\/uploads\/2023\/04\/News_Ene-Mar-10-300x211.webp 300w, https:\/\/cepiacostarica.org\/wp-content\/uploads\/2023\/04\/News_Ene-Mar-10-266x187.webp 266w\" sizes=\"auto, (max-width: 550px) 100vw, 550px\" \/>Se retomaron las clases de nataci\u00f3n, esta vez los ni\u00f1os y ni\u00f1as de la comunidad de Bejuco se encuentran muy felices de recibir t\u00e9cnicas para nadar, agradecemos a ConnectOcean y su equipo Dyal\u00e1 Cerdas, Leandre Barri, Zandile Ndhlovu, Allison Schatz, Sara Vanderkaden Anumi por su tiempo para trabajar con los chicos.<\/p>\n<p>La comunidad de 27 abril y Paso Hondo tuvo la participaci\u00f3n de los voluntarios estudiantes extranjeros de Hyde Park School con un incre\u00edble campamento de tres d\u00edas, cada d\u00eda con una asistencia en mas de 130 ni\u00f1os y ni\u00f1as, en donde bailaron, pintaron, jugaron y disfrutaron much\u00edsimo.<\/p>\n<p><em>\u201cson los mejores d\u00edas de mi vida\u201d<\/em> expres\u00f3 Andr\u00e9s cuando se le pregunt\u00f3 qu\u00e9 le pareci\u00f3 la actividad.<\/p>\n<p><img data-dominant-color=\"473933\" data-has-transparency=\"false\" style=\"--dominant-color: #473933;\" loading=\"lazy\" decoding=\"async\" class=\"aligncenter size-full wp-image-4971 not-transparent\" src=\"https:\/\/cepiacostarica.org\/wp-content\/uploads\/2023\/04\/News_Ene-Mar-11.webp\" alt=\"\" width=\"550\" height=\"351\" srcset=\"https:\/\/cepiacostarica.org\/wp-content\/uploads\/2023\/04\/News_Ene-Mar-11.webp 550w, https:\/\/cepiacostarica.org\/wp-content\/uploads\/2023\/04\/News_Ene-Mar-11-300x191.webp 300w, https:\/\/cepiacostarica.org\/wp-content\/uploads\/2023\/04\/News_Ene-Mar-11-280x179.webp 280w\" sizes=\"auto, (max-width: 550px) 100vw, 550px\" \/>Agradecemos a Sherri Hull y todo su equipo en colaborar con la asociaci\u00f3n, adem\u00e1s a la ADI de la comunidad de 27 abril por su colaboraci\u00f3n y disponibilidad.<\/p>\n<p>Ni\u00f1os y ni\u00f1as de la comunidad de Brasilito y Huacas tuvieron la incre\u00edble experiencia de participar de una semana llena de m\u00fasica y baile. Agradecemos a la Academia Celebrate the beat y Elevate dance studio por apoyar a la comunidad con estas actividades.<\/p>\n<p>Los ni\u00f1os y ni\u00f1as de la comunidad de Trapiche junto con Simona Danielle realizaron una limpieza en las letras del r\u00f3tulo del skatepark de Tamarindo, agradecemos a los campeones que nos acompa\u00f1aron y apoyaron con esta actividad con el fin de ver m\u00e1s limpia la comunidad adem\u00e1s que trabajar en equipo todo es posible. Agradecemos al Hotel Occidental por una deliciosa merienda para los ni\u00f1os y ni\u00f1as, tambi\u00e9n a la fot\u00f3grafa Carla Rowlling por las fotos.<br \/>\n<a name=\"soy-la-respuesta\"><\/a><\/p>\n<h2>Yo Soy La Respuesta<\/h2>\n<p><img data-dominant-color=\"59645d\" data-has-transparency=\"false\" style=\"--dominant-color: #59645d;\" loading=\"lazy\" decoding=\"async\" class=\"aligncenter size-full wp-image-4973 not-transparent\" src=\"https:\/\/cepiacostarica.org\/wp-content\/uploads\/2023\/04\/News_Ene-Mar-12-13.webp\" alt=\"\" width=\"630\" height=\"227\" srcset=\"https:\/\/cepiacostarica.org\/wp-content\/uploads\/2023\/04\/News_Ene-Mar-12-13.webp 630w, https:\/\/cepiacostarica.org\/wp-content\/uploads\/2023\/04\/News_Ene-Mar-12-13-300x108.webp 300w, https:\/\/cepiacostarica.org\/wp-content\/uploads\/2023\/04\/News_Ene-Mar-12-13-280x101.webp 280w\" sizes=\"auto, (max-width: 630px) 100vw, 630px\" \/>Gracias a la alianza entre la Asociaci\u00f3n CEPIA y Fundaci\u00f3n GAIA de Costa Rica el programa Yo Soy La Respuesta llega por segunda vez de manera presencial a 200 ni\u00f1os y ni\u00f1as de escuelas p\u00fablicas de Guanacaste gracias al financiamiento de Todd and Mary Heistand Family Foundation.<\/p>\n<p>Yo Soy la Respuesta es un programa de educaci\u00f3n en Bienestar, Paz y Sostenibilidad a trav\u00e9s del Gaia Yoga, avalado por la ONU y por un Plan de trabajo suscrito con el Ministerio de Educaci\u00f3n P\u00fablica de Costa Rica. Este programa es desarrollado por Wendy Abarca y Priscila Arias en Guanacaste.<\/p>\n<p>Yo soy la respuesta busca aumentar los h\u00e1bitos de vida saludables y equilibrados, gracias a que el programa fomenta un estilo de vida consciente por medio de herramientas para el auto control tales como: generar presencia, tener una respiraci\u00f3n larga y pausada y con la construcci\u00f3n de una gu\u00eda de vida saludable donde los ni\u00f1os aprenden y desarrollan buenos h\u00e1bitos en su vida adem\u00e1s de mejorar la autoestima por medio de las actividades basadas en fomentar el autoconocimiento por medio del Yoga y Mindfulness, pensamientos positivos, Arteterapia, Sonidoterapia, el juego y creatividad.<\/p>\n<p>Yo Soy la Respuesta adem\u00e1s contribuye a mejorar la conciencia ambiental de los ni\u00f1os y ni\u00f1as y a reducir su huella ecol\u00f3gica, por medio de clases de Vida Sostenible, alianzas colectivas y trabajo comunitario para as\u00ed participar activamente en Pro del Planeta firmando el Acuerdo de Paz y Bienestar Madre Tierra los ni\u00f1os y ni\u00f1as se convierten al final del curso en Guardianas y Guardianes del Planeta.<br \/>\nAgradecemos al personal de los Centros Educativos por su apertura para llevar este programa a los estudiantes de 2 grado, las escuelas beneficiarias son Playa Grande, Matapalo, El Llanito, Brasilito, Linderos, Cartagena y La Garita.<\/p>\n<p>Agradecemos a las voluntarias Sophia Sch\u00f6llkopf, Sarah De Smet, Nina Dejans y Alexia.<\/p>\n<p>Si quieres ser aliado del programa por favor contactanos al telefono 8390 -5375 o <a href=\"mailto:yosoylarespuesta.cepiawen@gmail.com\" target=\"_blank\" rel=\"noopener\">yosoylarespuesta.cepiawen@gmail.com<\/a><br \/>\n<a name=\"fortalecimiento-familias\"><\/a><\/p>\n<h2>Fortalecimiento de familias en pobreza extrema<\/h2>\n<p><img data-dominant-color=\"7f6f5c\" data-has-transparency=\"false\" style=\"--dominant-color: #7f6f5c;\" loading=\"lazy\" decoding=\"async\" class=\"aligncenter size-full wp-image-4975 not-transparent\" src=\"https:\/\/cepiacostarica.org\/wp-content\/uploads\/2023\/04\/News_Ene-Mar-14-15-16.webp\" alt=\"\" width=\"630\" height=\"196\" srcset=\"https:\/\/cepiacostarica.org\/wp-content\/uploads\/2023\/04\/News_Ene-Mar-14-15-16.webp 630w, https:\/\/cepiacostarica.org\/wp-content\/uploads\/2023\/04\/News_Ene-Mar-14-15-16-300x93.webp 300w, https:\/\/cepiacostarica.org\/wp-content\/uploads\/2023\/04\/News_Ene-Mar-14-15-16-280x87.webp 280w\" sizes=\"auto, (max-width: 630px) 100vw, 630px\" \/>El equipo de Trabajo Social realiz\u00f3 en sus instalaciones los d\u00edas 2, 3 y 4 de febrero la entrega de uniformes y \u00fatiles escolares a la poblaci\u00f3n que comprende su zona de cobertura, abarcando en esta ocasi\u00f3n a m\u00e1s de 1000 ni\u00f1os y ni\u00f1as en condiciones de desventaja para el nuevo ingreso a clases.<\/p>\n<p>El equipo de Trabajo Social dentro de su labor diaria brinda valoraci\u00f3n y atenci\u00f3n permanente a familias en condici\u00f3n de pobreza y pobreza extrema, mediante la asignaci\u00f3n de productos de alimentaci\u00f3n, canasta b\u00e1sica, vestido y calzado. Adem\u00e1s, dentro de las visitas domiciliares se logra la identificaci\u00f3n de necesidades de menaje de casa, con el fin de poder subsanar carencias materiales a partir de donaciones que se hacen a la Asociaci\u00f3n.<\/p>\n<p>Se tuvo la visita de The Warnath Group, quienes desarrollaron el taller \u201cComprendiendo la Trata de Ni\u00f1as, Ni\u00f1os Y Adolescentes y la protecci\u00f3n a las v\u00edctimas\u201d en donde se brind\u00f3 informaci\u00f3n importante para el trato de estos casos.<\/p>\n<p>Trabajo Social mediante articulaci\u00f3n interinstitucional realiza abordaje e inserci\u00f3n de familias con condiciones socioecon\u00f3micas limitadas, que son referidas para su valoraci\u00f3n y posible incorporaci\u00f3n a programas de bienestar familiar, pago de alquiler o formaci\u00f3n humana (Instituto Mixto de Ayuda Social IMAS).<\/p>\n<p>A nivel de atenci\u00f3n comunal, se mantiene comunicaci\u00f3n permanente y continua con la Direcci\u00f3n General de Migraci\u00f3n y Extranjer\u00eda, en pro de dar soluci\u00f3n a las personas que han ingresado de manera irregular al pa\u00eds, con el fin de que regularicen o normalizar su situaci\u00f3n migratoria y opten por el permiso laboral, carnet de refugio, residencia temporal y permanente, se prepara adem\u00e1s a las personas usuarias para la entrevista.<img data-dominant-color=\"857972\" data-has-transparency=\"false\" style=\"--dominant-color: #857972;\" loading=\"lazy\" decoding=\"async\" class=\"aligncenter size-full wp-image-5013 not-transparent\" src=\"https:\/\/cepiacostarica.org\/wp-content\/uploads\/2023\/04\/News_Ene-Mar-17-18-19.webp\" alt=\"\" width=\"630\" height=\"196\" srcset=\"https:\/\/cepiacostarica.org\/wp-content\/uploads\/2023\/04\/News_Ene-Mar-17-18-19.webp 630w, https:\/\/cepiacostarica.org\/wp-content\/uploads\/2023\/04\/News_Ene-Mar-17-18-19-300x93.webp 300w, https:\/\/cepiacostarica.org\/wp-content\/uploads\/2023\/04\/News_Ene-Mar-17-18-19-280x87.webp 280w\" sizes=\"auto, (max-width: 630px) 100vw, 630px\" \/><img data-dominant-color=\"786d5b\" data-has-transparency=\"false\" style=\"--dominant-color: #786d5b;\" loading=\"lazy\" decoding=\"async\" class=\"aligncenter size-full wp-image-4977 not-transparent\" src=\"https:\/\/cepiacostarica.org\/wp-content\/uploads\/2023\/04\/News_Ene-Mar-20.webp\" alt=\"\" width=\"550\" height=\"421\" srcset=\"https:\/\/cepiacostarica.org\/wp-content\/uploads\/2023\/04\/News_Ene-Mar-20.webp 550w, https:\/\/cepiacostarica.org\/wp-content\/uploads\/2023\/04\/News_Ene-Mar-20-300x230.webp 300w, https:\/\/cepiacostarica.org\/wp-content\/uploads\/2023\/04\/News_Ene-Mar-20-244x187.webp 244w\" sizes=\"auto, (max-width: 550px) 100vw, 550px\" \/><br \/>\n<a name=\"psicologia-menores\"><\/a><\/p>\n<h2>Psicolog\u00eda para personas menores de edad<\/h2>\n<p>Durante el primer trimestre se han atendido un total de 40 personas menores de edad de comunidades costeras del cant\u00f3n de Santa Cruz. 18 son varones y 22 son mujeres. Se han realizado 2 referencias de personas menores de edad a CCSS (sistema de salud p\u00fablica) y 5 referencias al programa de clases extraescolares. Se ha gestionado 1 referencia nutrici\u00f3n con la nutricionista Diana Fuentes, a la cual se le agradece su colaboraci\u00f3n voluntaria. Se ha realizado 1 referencia al PANI.<\/p>\n<p>Para este trimestre tenemos la novedad de que 40 personas j\u00f3venes y adultos han sido referidas a Clases de Yoga terap\u00e9utico, un nuevo programa gestionado por \u00e1rea de psicolog\u00eda y salud hol\u00edstica con la maestra Cathy Vanhabost-Deweer a la cual se le agradece su trabajo voluntario.<\/p>\n<p><img data-dominant-color=\"92877a\" data-has-transparency=\"false\" style=\"--dominant-color: #92877a;\" loading=\"lazy\" decoding=\"async\" class=\"aligncenter size-full wp-image-4979 not-transparent\" src=\"https:\/\/cepiacostarica.org\/wp-content\/uploads\/2023\/04\/News_Ene-Mar-21-22-23.webp\" alt=\"\" width=\"630\" height=\"196\" srcset=\"https:\/\/cepiacostarica.org\/wp-content\/uploads\/2023\/04\/News_Ene-Mar-21-22-23.webp 630w, https:\/\/cepiacostarica.org\/wp-content\/uploads\/2023\/04\/News_Ene-Mar-21-22-23-300x93.webp 300w, https:\/\/cepiacostarica.org\/wp-content\/uploads\/2023\/04\/News_Ene-Mar-21-22-23-280x87.webp 280w\" sizes=\"auto, (max-width: 630px) 100vw, 630px\" \/>Durante el primer trimestre se han atendido un total de 43 personas menores de edad del programa interno CIDAI (Centro Infantil diurno de atenci\u00f3n integral). Se realiz\u00f3 intervenci\u00f3n en crisis, psicoterapia breve y terapia familiar sist\u00e9mica. Para un mejor abordaje integral en casos con sintomatolog\u00eda de trastornos de personalidad se han referido 2 casos al servicio de psiquiatr\u00eda de la CCSS. Se han realizado 22 entrevistas de valoraci\u00f3n y perfil de ingreso tanto las personas menores de edad como a sus encargados, lo que ha permitido valorar factores de riesgo y factores protectores en cada caso abordado.<\/p>\n<p>Se han abordado 5 familias de manera interdisciplinaria con temas como negligencia parental, conflictiva familiar, trastorno de conducta lo que ha permitido minimizar riesgos.<\/p>\n<p><img data-dominant-color=\"797469\" data-has-transparency=\"false\" style=\"--dominant-color: #797469;\" loading=\"lazy\" decoding=\"async\" class=\"aligncenter size-full wp-image-4981 not-transparent\" src=\"https:\/\/cepiacostarica.org\/wp-content\/uploads\/2023\/04\/News_Ene-Mar-24-25.webp\" alt=\"\" width=\"630\" height=\"237\" srcset=\"https:\/\/cepiacostarica.org\/wp-content\/uploads\/2023\/04\/News_Ene-Mar-24-25.webp 630w, https:\/\/cepiacostarica.org\/wp-content\/uploads\/2023\/04\/News_Ene-Mar-24-25-300x113.webp 300w, https:\/\/cepiacostarica.org\/wp-content\/uploads\/2023\/04\/News_Ene-Mar-24-25-280x105.webp 280w\" sizes=\"auto, (max-width: 630px) 100vw, 630px\" \/>Se han realizado un total de 6 talleres de corte psico educativo dirigidos a las personas menores de edad del centro diurno de atenci\u00f3n integral CIDAI, de los cuales 4 talleres se han ejecutado con el grupo de primaria y 2 con el grupo de j\u00f3venes. Se han abordado los temas cambios del desarrollo humano, higiene y aseo personal, menstruaci\u00f3n, con los padres y madres de familia se han realizado 1 taller en materia penal sobre violencia dom\u00e9stica y pensi\u00f3n alimentaria. Los talleres psicoeducativos se han realizado gracias a la colaboraci\u00f3n voluntaria de los estudiantes de enfermer\u00eda de la Universidad Latina y al Lic. Carlos Ugalde Boniche.<\/p>\n<p>Se ha convocado a reuni\u00f3n de padres y madres de familia para abordar de manera grupal asuntos referente a la conducta desafiante de los ni\u00f1os y ni\u00f1as de primaria.<\/p>\n<p><img data-dominant-color=\"b09561\" data-has-transparency=\"false\" style=\"--dominant-color: #b09561;\" loading=\"lazy\" decoding=\"async\" class=\"aligncenter size-full wp-image-4983 not-transparent\" src=\"https:\/\/cepiacostarica.org\/wp-content\/uploads\/2023\/04\/News_Ene-Mar-26.webp\" alt=\"\" width=\"550\" height=\"669\" srcset=\"https:\/\/cepiacostarica.org\/wp-content\/uploads\/2023\/04\/News_Ene-Mar-26.webp 550w, https:\/\/cepiacostarica.org\/wp-content\/uploads\/2023\/04\/News_Ene-Mar-26-247x300.webp 247w, https:\/\/cepiacostarica.org\/wp-content\/uploads\/2023\/04\/News_Ene-Mar-26-154x187.webp 154w\" sizes=\"auto, (max-width: 550px) 100vw, 550px\" \/>A trav\u00e9s de los talleres se ha logrado abordar a un total de 43 personas menores y 28 padres y madres, lo cual refleja que se ha impactado a la mayor\u00eda de la poblaci\u00f3n del programa CIDAI con estos temas en materia de psicoeducaci\u00f3n y prevenci\u00f3n.<br \/>\nEn conjunto con trabajo social se han realizado 4 vistas a centros de educativos de la zona de influencia con el objetivo de estrechar alianzas y dar a conocer los m\u00e1s de 14 programas con los que CEPIA cuenta; gracias al personal docente y administrativo de la Escuela de Huacas, Escuela de Playa Grande, Escuela de Cartagena, Escuela de la Garita vieja por su ameno recibiendo y apoyar nuestros proyectos en las comunidades.<img data-dominant-color=\"867f7e\" data-has-transparency=\"false\" style=\"--dominant-color: #867f7e;\" loading=\"lazy\" decoding=\"async\" class=\"aligncenter size-full wp-image-4985 not-transparent\" src=\"https:\/\/cepiacostarica.org\/wp-content\/uploads\/2023\/04\/News_Ene-Mar-27-28-29.webp\" alt=\"\" width=\"630\" height=\"174\" srcset=\"https:\/\/cepiacostarica.org\/wp-content\/uploads\/2023\/04\/News_Ene-Mar-27-28-29.webp 630w, https:\/\/cepiacostarica.org\/wp-content\/uploads\/2023\/04\/News_Ene-Mar-27-28-29-300x83.webp 300w, https:\/\/cepiacostarica.org\/wp-content\/uploads\/2023\/04\/News_Ene-Mar-27-28-29-280x77.webp 280w\" sizes=\"auto, (max-width: 630px) 100vw, 630px\" \/><br \/>\n<a name=\"formaciones-empleabilidad\"><\/a><\/p>\n<h2>Formaciones y Empleabilidad<\/h2>\n<p>El programa de Formaciones Profesionales para adultos ha iniciado el 2023 con gran impulso. En este primer trimestre, hemos empezado 9 cursos, de los cuales ya han finalizado 2 y continuamos impartiendo 4 formaciones que dieron inicio en el 2022.<\/p>\n<p>Seguimos trabajando de la mano con el Instituto Nacional de Aprendizaje (INA), facilitando cursos de Ingl\u00e9s, Computaci\u00f3n, Mantenimiento de Piscinas y Principios B\u00e1sicos de Embarco.<img data-dominant-color=\"59808b\" data-has-transparency=\"false\" style=\"--dominant-color: #59808b;\" loading=\"lazy\" decoding=\"async\" class=\"aligncenter size-full wp-image-5015 not-transparent\" src=\"https:\/\/cepiacostarica.org\/wp-content\/uploads\/2023\/04\/News_Ene-Mar-30.webp\" alt=\"\" width=\"550\" height=\"402\" srcset=\"https:\/\/cepiacostarica.org\/wp-content\/uploads\/2023\/04\/News_Ene-Mar-30.webp 550w, https:\/\/cepiacostarica.org\/wp-content\/uploads\/2023\/04\/News_Ene-Mar-30-300x219.webp 300w, https:\/\/cepiacostarica.org\/wp-content\/uploads\/2023\/04\/News_Ene-Mar-30-256x187.webp 256w\" sizes=\"auto, (max-width: 550px) 100vw, 550px\" \/><\/p>\n<h2>Curso de Principios B\u00e1sicos de Embarco<\/h2>\n<p>En la categor\u00eda de formaciones impartidas directamente por CEPIA, hemos iniciado el curso de Instalaciones El\u00e9ctricas en Edificaciones, as\u00ed como Ingl\u00e9s nivel B\u00e1sico e Intermedio, en las modalidades presencial y virtual.<br \/>\n<a name=\"mantenimiento-piscinas\"><\/a><\/p>\n<h2>Curso de mantenimiento de piscinas<\/h2>\n<p><img data-dominant-color=\"57596c\" data-has-transparency=\"false\" style=\"--dominant-color: #57596c;\" loading=\"lazy\" decoding=\"async\" class=\"aligncenter size-full wp-image-4987 not-transparent\" src=\"https:\/\/cepiacostarica.org\/wp-content\/uploads\/2023\/04\/News_Ene-Mar-31.webp\" alt=\"\" width=\"550\" height=\"375\" srcset=\"https:\/\/cepiacostarica.org\/wp-content\/uploads\/2023\/04\/News_Ene-Mar-31.webp 550w, https:\/\/cepiacostarica.org\/wp-content\/uploads\/2023\/04\/News_Ene-Mar-31-300x205.webp 300w, https:\/\/cepiacostarica.org\/wp-content\/uploads\/2023\/04\/News_Ene-Mar-31-274x187.webp 274w\" sizes=\"auto, (max-width: 550px) 100vw, 550px\" \/>De enero a marzo, en el \u00e1rea de Empleabilidad, hemos brindando el servicio de asesor\u00eda individual a 14 personas, en esta sesi\u00f3n se elabora junto al usuario un curr\u00edculum efectivo y se brinda gu\u00eda para tener una b\u00fasqueda de empleo exitosa. Agradecemos a los donantes y voluntarios por ser parte fundamental del programa.<\/p>\n<p>Menci\u00f3n especial para John &amp; Donna Sommer y Ted Alexander. Gracias a los voluntaries Debi Hoffmann, Linnea Husser, Karen Sheppard, Tracey Fowler, Andrew Rappaport, Debora McLaughlin y Richard Ram\u00edrez.<\/p>\n<p>Aplaudimos la vocaci\u00f3n y esfuerzo de los profesores y profesoras de CEPIA e INA. Por \u00faltimo, queremos agradecer a las empresas que han hecho posibles las acciones del programa durante este primer trimestre del a\u00f1o: Lexis Escuela de Idiomas, Tamarindo Church, Kike\u2019s Place, Hotel Margaritaville, Hotel Tamarindo Dir\u00eda, Occidental Tamarindo y Beach Club de Playa Grande.<br \/>\n<a name=\"programa-cidai\"><\/a><\/p>\n<h2>Programa CIDAI (centro infantil diurno de atenci\u00f3n integral)<\/h2>\n<p><img data-dominant-color=\"727d7b\" data-has-transparency=\"false\" style=\"--dominant-color: #727d7b;\" loading=\"lazy\" decoding=\"async\" class=\"aligncenter size-full wp-image-4989 not-transparent\" src=\"https:\/\/cepiacostarica.org\/wp-content\/uploads\/2023\/04\/News_Ene-Mar-32.webp\" alt=\"\" width=\"550\" height=\"375\" srcset=\"https:\/\/cepiacostarica.org\/wp-content\/uploads\/2023\/04\/News_Ene-Mar-32.webp 550w, https:\/\/cepiacostarica.org\/wp-content\/uploads\/2023\/04\/News_Ene-Mar-32-300x205.webp 300w, https:\/\/cepiacostarica.org\/wp-content\/uploads\/2023\/04\/News_Ene-Mar-32-274x187.webp 274w\" sizes=\"auto, (max-width: 550px) 100vw, 550px\" \/>Inicia nuestro a\u00f1o 2023 con gran alegr\u00eda y nuevos retos, el programa infantil diurno de atenci\u00f3n integral tiene el agrado de recibir 111 personas menores de edad, los cuales asisten de lunes a viernes de 7am a 4pm. Reciben atenci\u00f3n de cuido y autonom\u00eda, educaci\u00f3n, salud, recreaci\u00f3n y atenci\u00f3n profesional de parte de psicolog\u00eda y trabajo social. \u00a1En enero gracias a los fondos del PANI, se realizo gira recreativa a Thermomania y asistieron 111 ni\u00f1os, ni\u00f1as y jovenes!<\/p>\n<p>Adem\u00e1s, se realiza desde la parte educativa actividades que estimulan la motora fina y gruesa, se conoce a la poblaci\u00f3n y se ven los intereses que ellos desean para formar proyectos. Durante febrero se trabaja las normas de convivencia con todos los grupos que asiste al centro.<\/p>\n<p>Tenemos el agrado de recibir a los estudiantes de la Universidad Latina de la carrera de enfermer\u00eda, ellos se encargan de dar talleres de salud, como lavado de manos, lavado de dientes, el cuerpo humano y diferentes tem\u00e1ticas referentes a la salud.<\/p>\n<p>Se organizan actividades para celebraciones importantes, actividades educativas de apoyo escolar y diferentes atenciones por parte de los profesionales que diariamente dan su mayor esfuerzo por el bienestar de las personas menores de edad.<\/p>\n<p><img data-dominant-color=\"9f9093\" data-has-transparency=\"false\" style=\"--dominant-color: #9f9093;\" loading=\"lazy\" decoding=\"async\" class=\"aligncenter size-full wp-image-4991 not-transparent\" src=\"https:\/\/cepiacostarica.org\/wp-content\/uploads\/2023\/04\/News_Ene-Mar-33.webp\" alt=\"\" width=\"550\" height=\"404\" srcset=\"https:\/\/cepiacostarica.org\/wp-content\/uploads\/2023\/04\/News_Ene-Mar-33.webp 550w, https:\/\/cepiacostarica.org\/wp-content\/uploads\/2023\/04\/News_Ene-Mar-33-300x220.webp 300w, https:\/\/cepiacostarica.org\/wp-content\/uploads\/2023\/04\/News_Ene-Mar-33-255x187.webp 255w\" sizes=\"auto, (max-width: 550px) 100vw, 550px\" \/>Agradecimiento a todos los colaboradores que diariamente desde sus campos dan un servicio de calidad: Karla Mar\u00edn Rodriguez, Heyling Larios Fonseca, Mary Paz Guti\u00e9rrez Gillen, Joselyn Mendoza Mendoza, Natasha Guerrero Rosales, Graciela G\u00f3mez Guevara, Ana Laura Zelaya Salazar, Eleana Alcocer Ram\u00edrez, Ana Patricia Guevara, Mikaela Riveiro, Belquis Gutierrez, Juan Molina, Juan Jos\u00e9 Labra. A nuestros estudiantes universitarios en practica: Rose Coponna, Nina Dejans, Hella Sablothy, Sophia Scholleof.<br \/>\n<a name=\"grupo-jovenes\"><\/a><\/p>\n<h2>Grupo de j\u00f3venes<\/h2>\n<p><img data-dominant-color=\"706f6a\" data-has-transparency=\"false\" style=\"--dominant-color: #706f6a;\" loading=\"lazy\" decoding=\"async\" class=\"aligncenter size-full wp-image-4993 not-transparent\" src=\"https:\/\/cepiacostarica.org\/wp-content\/uploads\/2023\/04\/News_Ene-Mar-34.webp\" alt=\"\" width=\"550\" height=\"311\" srcset=\"https:\/\/cepiacostarica.org\/wp-content\/uploads\/2023\/04\/News_Ene-Mar-34.webp 550w, https:\/\/cepiacostarica.org\/wp-content\/uploads\/2023\/04\/News_Ene-Mar-34-300x170.webp 300w, https:\/\/cepiacostarica.org\/wp-content\/uploads\/2023\/04\/News_Ene-Mar-34-280x158.webp 280w\" sizes=\"auto, (max-width: 550px) 100vw, 550px\" \/>Se dio inicio a un a\u00f1o nuevo de aventuras y nuevas experiencias para el grupo de adolescentes que participan dentro del grupo de j\u00f3venes del programa CIDAI. Uno de los primeros logros del a\u00f1o y que llena de mucha ilusi\u00f3n es la reinserci\u00f3n de 13 j\u00f3venes del grupo 2022 en la educaci\u00f3n formal, permitiendo continuar con la construcci\u00f3n de su proyecto de vida. Este logro permiti\u00f3 el ingreso de nuevas personas menores de edad en alto riesgo social al programa, quienes tienen la oportunidad de iniciar su proyecto y construir nuevas experiencias y herramientas para la vida.<\/p>\n<p>Por lo que, desde el programa se contin\u00faa con las clases diarias, gracias a la colaboraci\u00f3n de los profesores encargados: Dimitri, clase de ingl\u00e9s, Alejandra Parody, clases de arte, Belkis Guti\u00e9rrez, clases de recreaci\u00f3n y deporte, y Karla Mar\u00edn, clases de c\u00f3mputo, nataci\u00f3n y coordinadora de grupo.<\/p>\n<p>Adem\u00e1s, en coordinaci\u00f3n con el Centro C\u00edvico por la Paz, en el marco de la conmemoraci\u00f3n del d\u00eda de la mujer el 8 de Marzo, se particip\u00f3 de un taller para resaltar las mujeres importantes en su vida y aprendiendo el porque la conmemoraci\u00f3n de esta fecha.<\/p>\n<p>Por otra parte, gracias a la colaboraci\u00f3n de Mar\u00eda Jos\u00e9 Cappa, Laetitia Deweer, Eleana Alcocer y Wendy Valverde, se gestion\u00f3 un espacio de compartir historias y talleres para ampliar la visi\u00f3n de los y las personas menores de edad, siendo este un espacio muy enriquecedor para los y las adolescentes.<\/p>\n<p>Por \u00faltimo, como parte de los objetivos se realiz\u00f3 una gira al Parque Nacional Santa Rosa el d\u00eda 20 de Marzo para conocer sobre historia costarricense y lugares hist\u00f3ricos; esto se uni\u00f3 en la celebraci\u00f3n c\u00edvica de la Batalla de Santa Rosa.<\/p>\n<p>Un agradecimiento muy especial a cada una de las personas que participan y hacen de este programa un \u00e9xito para los y las personas menores de edad, que d\u00eda a d\u00eda asisten a las clases y actividades en CEPIA.<br \/>\n<a name=\"colectiva-mujeres\"><\/a><\/p>\n<h2>Colectiva de mujeres de Tamarindo<\/h2>\n<p><img data-dominant-color=\"8e726f\" data-has-transparency=\"false\" style=\"--dominant-color: #8e726f;\" loading=\"lazy\" decoding=\"async\" class=\"aligncenter size-full wp-image-4995 not-transparent\" src=\"https:\/\/cepiacostarica.org\/wp-content\/uploads\/2023\/04\/News_Ene-Mar-35-36.webp\" alt=\"\" width=\"630\" height=\"207\" srcset=\"https:\/\/cepiacostarica.org\/wp-content\/uploads\/2023\/04\/News_Ene-Mar-35-36.webp 630w, https:\/\/cepiacostarica.org\/wp-content\/uploads\/2023\/04\/News_Ene-Mar-35-36-300x99.webp 300w, https:\/\/cepiacostarica.org\/wp-content\/uploads\/2023\/04\/News_Ene-Mar-35-36-280x92.webp 280w\" sizes=\"auto, (max-width: 630px) 100vw, 630px\" \/>El 8 de marzo la Colectiva organiz\u00f3 en conjunto con el liceo de Villarreal la marcha para celebrar el dia internacional de la mujer. Una semana antes la colectiva ofreci\u00f3 un taller sobre derechos de la mujer y violencia de g\u00e9nero a un grupo de adolescentes del liceo, creando tambi\u00e9n carteles para la marcha. El 8 de marzo los alumnos marcharon desde liceo al centro del pueblo de Villarreal para recordar que todav\u00eda las mujeres no estan siendo respetadas en sus derechos!<\/p>\n<p>Sab\u00edas que existe todav\u00eda una brecha de salario entre hombres y mujeres ejerciendo un puesto con las mismas responsabilidades?<br \/>\nSabies que cuando hay un acto de violencia sexual, 95% de las victimas son mujeres?<br \/>\n<a name=\"ferias-salud\"><\/a><\/p>\n<h2>Ferias de salud<\/h2>\n<p><img data-dominant-color=\"6f6162\" data-has-transparency=\"false\" style=\"--dominant-color: #6f6162;\" loading=\"lazy\" decoding=\"async\" class=\"aligncenter size-full wp-image-5017 not-transparent\" src=\"https:\/\/cepiacostarica.org\/wp-content\/uploads\/2023\/04\/News_Ene-Mar-37.webp\" alt=\"\" width=\"550\" height=\"438\" srcset=\"https:\/\/cepiacostarica.org\/wp-content\/uploads\/2023\/04\/News_Ene-Mar-37.webp 550w, https:\/\/cepiacostarica.org\/wp-content\/uploads\/2023\/04\/News_Ene-Mar-37-300x239.webp 300w, https:\/\/cepiacostarica.org\/wp-content\/uploads\/2023\/04\/News_Ene-Mar-37-235x187.webp 235w\" sizes=\"auto, (max-width: 550px) 100vw, 550px\" \/>En enero se realizaron 2 ferias de salud para m\u00e1s de 300 personas adultos y menores de edad, en Huacas y en 27 de abril, con atenci\u00f3n gratuita en medicina general, oftalmolog\u00eda y ginecolog\u00eda. Este proyecto fue posible gracias a la colaboraci\u00f3n con la ONG Medlife.<\/p>\n<p>En la feria de Huacas, el equipo de Ojos Del Mar proporcion\u00f3 m\u00e1s de 150 ex\u00e1menes gratuitos y don\u00f3 77 pares de anteojos recetados a la comunidad de CEPIA. Un asombroso 51 % de todos los pacientes atendidos requirieron una visi\u00f3n correctiva completa, lo que destaca cu\u00e1n importante es que CEPIA contin\u00fae abordando este problema.<\/p>\n<p>A trav\u00e9s de su programa de donaci\u00f3n One to One, cada vez que se revisa la vista en Ojos Del Mar, donan un examen de la vista a nuestra comunidad. El programa ya ha ayudado a cientos de los padres y los ni\u00f1os recuperan la visi\u00f3n, lo que les permite volver al trabajo y tener una oportunidad de luchar en el aula<\/p>\n<p><img data-dominant-color=\"99898a\" data-has-transparency=\"false\" style=\"--dominant-color: #99898a;\" loading=\"lazy\" decoding=\"async\" class=\"aligncenter size-full wp-image-4997 not-transparent\" src=\"https:\/\/cepiacostarica.org\/wp-content\/uploads\/2023\/04\/News_Ene-Mar-38.webp\" alt=\"\" width=\"464\" height=\"572\" srcset=\"https:\/\/cepiacostarica.org\/wp-content\/uploads\/2023\/04\/News_Ene-Mar-38.webp 464w, https:\/\/cepiacostarica.org\/wp-content\/uploads\/2023\/04\/News_Ene-Mar-38-243x300.webp 243w, https:\/\/cepiacostarica.org\/wp-content\/uploads\/2023\/04\/News_Ene-Mar-38-152x187.webp 152w\" sizes=\"auto, (max-width: 464px) 100vw, 464px\" \/>\u00a1Conozca a Ojos Del Mar, la nueva Cl\u00ednica de Cuidado de la Vista en Tamarindo de clase mundial y Galer\u00eda de Anteojos en Tamarindo que dona un examen de la vista GRATIS a nuestra comunidad cada vez que usted se revisa la vista! Para obtener m\u00e1s informaci\u00f3n sobre Ojos Del Mar, visite su sitio web: <a href=\"https:\/\/www.ojosdelmar.com\" target=\"_blank\" rel=\"noopener\">https:\/\/www.ojosdelmar.com<\/a><\/p>\n<p><img data-dominant-color=\"94b3ba\" data-has-transparency=\"false\" style=\"--dominant-color: #94b3ba;\" loading=\"lazy\" decoding=\"async\" class=\"aligncenter size-full wp-image-4999 not-transparent\" src=\"https:\/\/cepiacostarica.org\/wp-content\/uploads\/2023\/04\/News_Ene-Mar-39.webp\" alt=\"\" width=\"550\" height=\"536\" srcset=\"https:\/\/cepiacostarica.org\/wp-content\/uploads\/2023\/04\/News_Ene-Mar-39.webp 550w, https:\/\/cepiacostarica.org\/wp-content\/uploads\/2023\/04\/News_Ene-Mar-39-300x292.webp 300w, https:\/\/cepiacostarica.org\/wp-content\/uploads\/2023\/04\/News_Ene-Mar-39-192x187.webp 192w\" sizes=\"auto, (max-width: 550px) 100vw, 550px\" \/>#Aprovechaelmomento<\/p>\n<p>CEPIA is unio a la Campa\u00f1a #Aprovechaelmomento de la Fundaci\u00f3n Paniamor. Aunque no lo parezca, las personas adultas tenemos mucho en com\u00fan con las personas adolescentes presentes en nuestra vida. Disfrutar espacios en com\u00fan, puede darnos el momento id\u00f3neo para hablar de temas importantes, como las relaciones sexuales seguras.<\/p>\n<p>Mario Chac\u00f3n nos da una idea de c\u00f3mo comenzar.<\/p>\n<p><strong>Videos:<\/strong> <a href=\"https:\/\/www.facebook.com\/paniamor.org\/videos\/160370356485604\" target=\"_blank\" rel=\"noopener\">https:\/\/www.facebook.com\/paniamor.org\/videos\/160370356485604<\/a><\/p>\n<p>Ingrese a Aprovecheelmomento.org<br \/>\n#adolescentes #saludsexual #saludreproductiva #prevenci\u00f3ndeviolencias #personascuidadoras<br \/>\n<a name=\"festival-cine-tamarindo\"><\/a><\/p>\n<h2>\u00a1Se concluy\u00f3 otro exitoso festival de cine de surf!<\/h2>\n<p><img data-dominant-color=\"746c65\" data-has-transparency=\"false\" style=\"--dominant-color: #746c65;\" loading=\"lazy\" decoding=\"async\" class=\"aligncenter size-full wp-image-5001 not-transparent\" src=\"https:\/\/cepiacostarica.org\/wp-content\/uploads\/2023\/04\/News_Ene-Mar-40.webp\" alt=\"\" width=\"550\" height=\"319\" srcset=\"https:\/\/cepiacostarica.org\/wp-content\/uploads\/2023\/04\/News_Ene-Mar-40.webp 550w, https:\/\/cepiacostarica.org\/wp-content\/uploads\/2023\/04\/News_Ene-Mar-40-300x174.webp 300w, https:\/\/cepiacostarica.org\/wp-content\/uploads\/2023\/04\/News_Ene-Mar-40-280x162.webp 280w\" sizes=\"auto, (max-width: 550px) 100vw, 550px\" \/>Un enorme agradecimiento de todas las personas y empresas que lo hicieron posible, desde los patrocinadores, visitantes, actores talentosos, directores de pel\u00edculas hasta los voluntarios extraordinarios y el equipo de trabajo. \u00a1Su dedicaci\u00f3n y esfuerzo crearon un proyecto inolvidable!<\/p>\n<p>245 invitados especiales, patrocinadores y visitantes llegaron la primera noche, 267 la segunda noche. Se recaud\u00f3 17,300 d\u00f3lares (9,428,500 colones) para el programa de deportes y salud mental para los ni\u00f1os y las ni\u00f1as.<img data-dominant-color=\"ababa7\" data-has-transparency=\"false\" style=\"--dominant-color: #ababa7;\" loading=\"lazy\" decoding=\"async\" class=\"aligncenter size-full wp-image-5003 not-transparent\" src=\"https:\/\/cepiacostarica.org\/wp-content\/uploads\/2023\/04\/News_Ene-Mar-41.webp\" alt=\"\" width=\"550\" height=\"370\" srcset=\"https:\/\/cepiacostarica.org\/wp-content\/uploads\/2023\/04\/News_Ene-Mar-41.webp 550w, https:\/\/cepiacostarica.org\/wp-content\/uploads\/2023\/04\/News_Ene-Mar-41-300x202.webp 300w, https:\/\/cepiacostarica.org\/wp-content\/uploads\/2023\/04\/News_Ene-Mar-41-278x187.webp 278w\" sizes=\"auto, (max-width: 550px) 100vw, 550px\" \/><br \/>\n<a name=\"gracias\"><\/a><br \/>\nGracias El Chante, hotel Occidental, hotel El dir\u00eda and hotel Capit\u00e1n suizo por hospedar nuestros invitados especiales. gracias a los vendedores presentes: Cha cafe, ocean tattoo, cura sana, simbiosis, moon child, sole , Matt Schwartz, Cura Sana. gracias a la asociaci\u00f3n de surf adaptado por su presencia y gran labor. finalmente, gracias a Grafika, the sunset shop, Punto surf, surfing republica,, surfing nation, artem Kmara photography, DJ kanadian tuxedo, Pascal trio, Meant to beat.<\/p>\n<p>\u00a1Agradecemos a los patrocinadores del festival!<img data-dominant-color=\"f5f5f5\" data-has-transparency=\"false\" style=\"--dominant-color: #f5f5f5;\" loading=\"lazy\" decoding=\"async\" class=\"aligncenter size-full wp-image-5005 not-transparent\" src=\"https:\/\/cepiacostarica.org\/wp-content\/uploads\/2023\/04\/News_Ene-Mar-42-png.webp\" alt=\"\" width=\"630\" height=\"1099\" srcset=\"https:\/\/cepiacostarica.org\/wp-content\/uploads\/2023\/04\/News_Ene-Mar-42-png.webp 630w, https:\/\/cepiacostarica.org\/wp-content\/uploads\/2023\/04\/News_Ene-Mar-42-172x300.webp 172w, https:\/\/cepiacostarica.org\/wp-content\/uploads\/2023\/04\/News_Ene-Mar-42-587x1024.webp 587w, https:\/\/cepiacostarica.org\/wp-content\/uploads\/2023\/04\/News_Ene-Mar-42-107x187.webp 107w\" sizes=\"auto, (max-width: 630px) 100vw, 630px\" \/><\/p>\n","protected":false},"excerpt":{"rendered":"<p>Proyecto Vida Mujer Proyecto Vida Mujer se enorgullece de informar que en los primeros tres meses de 2023, nuestros esfuerzos para brindar acceso a DIU (dispositivo intrauterino o t de cobre) a mujeres de bajos ingresos han seguido teniendo un impacto positivo en las mujeres y las comunidades de Costa Rica. A trav\u00e9s de cinco<\/p>\n","protected":false},"author":1,"featured_media":4957,"comment_status":"open","ping_status":"open","sticky":false,"template":"","format":"standard","meta":{"give_campaign_id":0,"footnotes":""},"categories":[539],"tags":[],"class_list":["post-5008","post","type-post","status-publish","format-standard","has-post-thumbnail","hentry","category-novedades-de-cepia"],"yoast_head":"<!-- This site is optimized with the Yoast SEO plugin v27.5 - https:\/\/yoast.com\/product\/yoast-seo-wordpress\/ -->\n<title>Bolet\u00edn de noticias Enero - Marzo 2023 &#8212; CEPIA Costa Rica<\/title>\n<meta name=\"description\" content=\"Lea el bolet\u00edn de noticias Enero - Marzo 2023 de CEPIa. Conozca los informes de psicolog\u00eda y los avances de nuestros programas.\" \/>\n<meta name=\"robots\" content=\"index, follow, max-snippet:-1, max-image-preview:large, max-video-preview:-1\" \/>\n<link rel=\"canonical\" href=\"https:\/\/cepiacostarica.org\/es\/news\/2023\/04\/boletin-de-noticias-enero-marzo-2023\/\" \/>\n<meta property=\"og:locale\" content=\"es_ES\" \/>\n<meta property=\"og:type\" content=\"article\" \/>\n<meta property=\"og:title\" content=\"Bolet\u00edn de noticias Enero - Marzo 2023 &#8212; CEPIA Costa Rica\" \/>\n<meta property=\"og:description\" content=\"Lea el bolet\u00edn de noticias Enero - Marzo 2023 de CEPIa. Conozca los informes de psicolog\u00eda y los avances de nuestros programas.\" \/>\n<meta property=\"og:url\" content=\"https:\/\/cepiacostarica.org\/es\/news\/2023\/04\/boletin-de-noticias-enero-marzo-2023\/\" \/>\n<meta property=\"og:site_name\" content=\"CEPIA Costa Rica\" \/>\n<meta property=\"article:publisher\" content=\"https:\/\/www.facebook.com\/cepiacostarica1\/\" \/>\n<meta property=\"article:published_time\" content=\"2023-04-24T16:14:41+00:00\" \/>\n<meta property=\"article:modified_time\" content=\"2023-04-25T19:43:53+00:00\" \/>\n<meta property=\"og:image\" content=\"https:\/\/cepiacostarica.org\/wp-content\/uploads\/2023\/04\/News_Ene-Mar_2023-png.webp\" \/>\n\t<meta property=\"og:image:width\" content=\"1200\" \/>\n\t<meta property=\"og:image:height\" content=\"800\" \/>\n\t<meta property=\"og:image:type\" content=\"image\/png\" \/>\n<meta name=\"author\" content=\"CEPIA Costa Rica\" \/>\n<meta name=\"twitter:card\" content=\"summary_large_image\" \/>\n<meta name=\"twitter:label1\" content=\"Written by\" \/>\n\t<meta name=\"twitter:data1\" content=\"CEPIA Costa Rica\" \/>\n\t<meta name=\"twitter:label2\" content=\"Est. reading time\" \/>\n\t<meta name=\"twitter:data2\" content=\"21 minutos\" \/>\n<script type=\"application\/ld+json\" class=\"yoast-schema-graph\">{\"@context\":\"https:\\\/\\\/schema.org\",\"@graph\":[{\"@type\":\"Article\",\"@id\":\"https:\\\/\\\/cepiacostarica.org\\\/es\\\/news\\\/2023\\\/04\\\/boletin-de-noticias-enero-marzo-2023\\\/#article\",\"isPartOf\":{\"@id\":\"https:\\\/\\\/cepiacostarica.org\\\/es\\\/news\\\/2023\\\/04\\\/boletin-de-noticias-enero-marzo-2023\\\/\"},\"author\":{\"name\":\"CEPIA Costa Rica\",\"@id\":\"https:\\\/\\\/cepiacostarica.org\\\/es\\\/#\\\/schema\\\/person\\\/9e08ae3bb870405954664046b8e6d1ce\"},\"headline\":\"Bolet\u00edn de noticias Enero &#8211; Marzo 2023\",\"datePublished\":\"2023-04-24T16:14:41+00:00\",\"dateModified\":\"2023-04-25T19:43:53+00:00\",\"mainEntityOfPage\":{\"@id\":\"https:\\\/\\\/cepiacostarica.org\\\/es\\\/news\\\/2023\\\/04\\\/boletin-de-noticias-enero-marzo-2023\\\/\"},\"wordCount\":4148,\"commentCount\":0,\"publisher\":{\"@id\":\"https:\\\/\\\/cepiacostarica.org\\\/es\\\/#organization\"},\"image\":{\"@id\":\"https:\\\/\\\/cepiacostarica.org\\\/es\\\/news\\\/2023\\\/04\\\/boletin-de-noticias-enero-marzo-2023\\\/#primaryimage\"},\"thumbnailUrl\":\"https:\\\/\\\/cepiacostarica.org\\\/wp-content\\\/uploads\\\/2023\\\/04\\\/News_Ene-Mar_2023-png.webp\",\"articleSection\":[\"Novedades CEPIA\"],\"inLanguage\":\"es-CR\",\"potentialAction\":[{\"@type\":\"CommentAction\",\"name\":\"Comment\",\"target\":[\"https:\\\/\\\/cepiacostarica.org\\\/es\\\/news\\\/2023\\\/04\\\/boletin-de-noticias-enero-marzo-2023\\\/#respond\"]}]},{\"@type\":\"WebPage\",\"@id\":\"https:\\\/\\\/cepiacostarica.org\\\/es\\\/news\\\/2023\\\/04\\\/boletin-de-noticias-enero-marzo-2023\\\/\",\"url\":\"https:\\\/\\\/cepiacostarica.org\\\/es\\\/news\\\/2023\\\/04\\\/boletin-de-noticias-enero-marzo-2023\\\/\",\"name\":\"Bolet\u00edn de noticias Enero - Marzo 2023 &#8212; CEPIA Costa Rica\",\"isPartOf\":{\"@id\":\"https:\\\/\\\/cepiacostarica.org\\\/es\\\/#website\"},\"primaryImageOfPage\":{\"@id\":\"https:\\\/\\\/cepiacostarica.org\\\/es\\\/news\\\/2023\\\/04\\\/boletin-de-noticias-enero-marzo-2023\\\/#primaryimage\"},\"image\":{\"@id\":\"https:\\\/\\\/cepiacostarica.org\\\/es\\\/news\\\/2023\\\/04\\\/boletin-de-noticias-enero-marzo-2023\\\/#primaryimage\"},\"thumbnailUrl\":\"https:\\\/\\\/cepiacostarica.org\\\/wp-content\\\/uploads\\\/2023\\\/04\\\/News_Ene-Mar_2023-png.webp\",\"datePublished\":\"2023-04-24T16:14:41+00:00\",\"dateModified\":\"2023-04-25T19:43:53+00:00\",\"description\":\"Lea el bolet\u00edn de noticias Enero - Marzo 2023 de CEPIa. Conozca los informes de psicolog\u00eda y los avances de nuestros programas.\",\"breadcrumb\":{\"@id\":\"https:\\\/\\\/cepiacostarica.org\\\/es\\\/news\\\/2023\\\/04\\\/boletin-de-noticias-enero-marzo-2023\\\/#breadcrumb\"},\"inLanguage\":\"es-CR\",\"potentialAction\":[{\"@type\":\"ReadAction\",\"target\":[\"https:\\\/\\\/cepiacostarica.org\\\/es\\\/news\\\/2023\\\/04\\\/boletin-de-noticias-enero-marzo-2023\\\/\"]}]},{\"@type\":\"ImageObject\",\"inLanguage\":\"es-CR\",\"@id\":\"https:\\\/\\\/cepiacostarica.org\\\/es\\\/news\\\/2023\\\/04\\\/boletin-de-noticias-enero-marzo-2023\\\/#primaryimage\",\"url\":\"https:\\\/\\\/cepiacostarica.org\\\/wp-content\\\/uploads\\\/2023\\\/04\\\/News_Ene-Mar_2023-png.webp\",\"contentUrl\":\"https:\\\/\\\/cepiacostarica.org\\\/wp-content\\\/uploads\\\/2023\\\/04\\\/News_Ene-Mar_2023-png.webp\",\"width\":1200,\"height\":800},{\"@type\":\"BreadcrumbList\",\"@id\":\"https:\\\/\\\/cepiacostarica.org\\\/es\\\/news\\\/2023\\\/04\\\/boletin-de-noticias-enero-marzo-2023\\\/#breadcrumb\",\"itemListElement\":[{\"@type\":\"ListItem\",\"position\":1,\"name\":\"Home\",\"item\":\"https:\\\/\\\/cepiacostarica.org\\\/es\\\/\"},{\"@type\":\"ListItem\",\"position\":2,\"name\":\"Novedades CEPIA\",\"item\":\"https:\\\/\\\/cepiacostarica.org\\\/es\\\/novedades-de-cepia\\\/\"},{\"@type\":\"ListItem\",\"position\":3,\"name\":\"Bolet\u00edn de noticias Enero &#8211; Marzo 2023\"}]},{\"@type\":\"WebSite\",\"@id\":\"https:\\\/\\\/cepiacostarica.org\\\/es\\\/#website\",\"url\":\"https:\\\/\\\/cepiacostarica.org\\\/es\\\/\",\"name\":\"CEPIA Costa Rica\",\"description\":\"S\u00e9 el cambio que quieres ver en el mundo\",\"publisher\":{\"@id\":\"https:\\\/\\\/cepiacostarica.org\\\/es\\\/#organization\"},\"potentialAction\":[{\"@type\":\"SearchAction\",\"target\":{\"@type\":\"EntryPoint\",\"urlTemplate\":\"https:\\\/\\\/cepiacostarica.org\\\/es\\\/?s={search_term_string}\"},\"query-input\":{\"@type\":\"PropertyValueSpecification\",\"valueRequired\":true,\"valueName\":\"search_term_string\"}}],\"inLanguage\":\"es-CR\"},{\"@type\":\"Organization\",\"@id\":\"https:\\\/\\\/cepiacostarica.org\\\/es\\\/#organization\",\"name\":\"Asociacion CEPIA\",\"url\":\"https:\\\/\\\/cepiacostarica.org\\\/es\\\/\",\"logo\":{\"@type\":\"ImageObject\",\"inLanguage\":\"es-CR\",\"@id\":\"https:\\\/\\\/cepiacostarica.org\\\/es\\\/#\\\/schema\\\/logo\\\/image\\\/\",\"url\":\"https:\\\/\\\/cepiacostarica.org\\\/wp-content\\\/uploads\\\/2019\\\/11\\\/logo_PP_CEPIA-png.webp\",\"contentUrl\":\"https:\\\/\\\/cepiacostarica.org\\\/wp-content\\\/uploads\\\/2019\\\/11\\\/logo_PP_CEPIA-png.webp\",\"width\":289,\"height\":94,\"caption\":\"Asociacion CEPIA\"},\"image\":{\"@id\":\"https:\\\/\\\/cepiacostarica.org\\\/es\\\/#\\\/schema\\\/logo\\\/image\\\/\"},\"sameAs\":[\"https:\\\/\\\/www.facebook.com\\\/cepiacostarica1\\\/\",\"https:\\\/\\\/www.instagram.com\\\/cepia_costa_rica\\\/\",\"https:\\\/\\\/www.youtube.com\\\/@CEPIACosta_Rica\"]},{\"@type\":\"Person\",\"@id\":\"https:\\\/\\\/cepiacostarica.org\\\/es\\\/#\\\/schema\\\/person\\\/9e08ae3bb870405954664046b8e6d1ce\",\"name\":\"CEPIA Costa Rica\",\"image\":{\"@type\":\"ImageObject\",\"inLanguage\":\"es-CR\",\"@id\":\"https:\\\/\\\/secure.gravatar.com\\\/avatar\\\/887a58552fce56951d0c9e0977e9aaeff2abaa5ff97ad497edb97e6139be6daf?s=96&d=mm&r=g\",\"url\":\"https:\\\/\\\/secure.gravatar.com\\\/avatar\\\/887a58552fce56951d0c9e0977e9aaeff2abaa5ff97ad497edb97e6139be6daf?s=96&d=mm&r=g\",\"contentUrl\":\"https:\\\/\\\/secure.gravatar.com\\\/avatar\\\/887a58552fce56951d0c9e0977e9aaeff2abaa5ff97ad497edb97e6139be6daf?s=96&d=mm&r=g\",\"caption\":\"CEPIA Costa Rica\"}}]}<\/script>\n<!-- \/ Yoast SEO plugin. -->","yoast_head_json":{"title":"Bolet\u00edn de noticias Enero - Marzo 2023 &#8212; CEPIA Costa Rica","description":"Lea el bolet\u00edn de noticias Enero - Marzo 2023 de CEPIa. Conozca los informes de psicolog\u00eda y los avances de nuestros programas.","robots":{"index":"index","follow":"follow","max-snippet":"max-snippet:-1","max-image-preview":"max-image-preview:large","max-video-preview":"max-video-preview:-1"},"canonical":"https:\/\/cepiacostarica.org\/es\/news\/2023\/04\/boletin-de-noticias-enero-marzo-2023\/","og_locale":"es_ES","og_type":"article","og_title":"Bolet\u00edn de noticias Enero - Marzo 2023 &#8212; CEPIA Costa Rica","og_description":"Lea el bolet\u00edn de noticias Enero - Marzo 2023 de CEPIa. Conozca los informes de psicolog\u00eda y los avances de nuestros programas.","og_url":"https:\/\/cepiacostarica.org\/es\/news\/2023\/04\/boletin-de-noticias-enero-marzo-2023\/","og_site_name":"CEPIA Costa Rica","article_publisher":"https:\/\/www.facebook.com\/cepiacostarica1\/","article_published_time":"2023-04-24T16:14:41+00:00","article_modified_time":"2023-04-25T19:43:53+00:00","og_image":[{"width":1200,"height":800,"url":"https:\/\/cepiacostarica.org\/wp-content\/uploads\/2023\/04\/News_Ene-Mar_2023-png.webp","type":"image\/png"}],"author":"CEPIA Costa Rica","twitter_card":"summary_large_image","twitter_misc":{"Written by":"CEPIA Costa Rica","Est. reading time":"21 minutos"},"schema":{"@context":"https:\/\/schema.org","@graph":[{"@type":"Article","@id":"https:\/\/cepiacostarica.org\/es\/news\/2023\/04\/boletin-de-noticias-enero-marzo-2023\/#article","isPartOf":{"@id":"https:\/\/cepiacostarica.org\/es\/news\/2023\/04\/boletin-de-noticias-enero-marzo-2023\/"},"author":{"name":"CEPIA Costa Rica","@id":"https:\/\/cepiacostarica.org\/es\/#\/schema\/person\/9e08ae3bb870405954664046b8e6d1ce"},"headline":"Bolet\u00edn de noticias Enero &#8211; Marzo 2023","datePublished":"2023-04-24T16:14:41+00:00","dateModified":"2023-04-25T19:43:53+00:00","mainEntityOfPage":{"@id":"https:\/\/cepiacostarica.org\/es\/news\/2023\/04\/boletin-de-noticias-enero-marzo-2023\/"},"wordCount":4148,"commentCount":0,"publisher":{"@id":"https:\/\/cepiacostarica.org\/es\/#organization"},"image":{"@id":"https:\/\/cepiacostarica.org\/es\/news\/2023\/04\/boletin-de-noticias-enero-marzo-2023\/#primaryimage"},"thumbnailUrl":"https:\/\/cepiacostarica.org\/wp-content\/uploads\/2023\/04\/News_Ene-Mar_2023-png.webp","articleSection":["Novedades CEPIA"],"inLanguage":"es-CR","potentialAction":[{"@type":"CommentAction","name":"Comment","target":["https:\/\/cepiacostarica.org\/es\/news\/2023\/04\/boletin-de-noticias-enero-marzo-2023\/#respond"]}]},{"@type":"WebPage","@id":"https:\/\/cepiacostarica.org\/es\/news\/2023\/04\/boletin-de-noticias-enero-marzo-2023\/","url":"https:\/\/cepiacostarica.org\/es\/news\/2023\/04\/boletin-de-noticias-enero-marzo-2023\/","name":"Bolet\u00edn de noticias Enero - Marzo 2023 &#8212; CEPIA Costa Rica","isPartOf":{"@id":"https:\/\/cepiacostarica.org\/es\/#website"},"primaryImageOfPage":{"@id":"https:\/\/cepiacostarica.org\/es\/news\/2023\/04\/boletin-de-noticias-enero-marzo-2023\/#primaryimage"},"image":{"@id":"https:\/\/cepiacostarica.org\/es\/news\/2023\/04\/boletin-de-noticias-enero-marzo-2023\/#primaryimage"},"thumbnailUrl":"https:\/\/cepiacostarica.org\/wp-content\/uploads\/2023\/04\/News_Ene-Mar_2023-png.webp","datePublished":"2023-04-24T16:14:41+00:00","dateModified":"2023-04-25T19:43:53+00:00","description":"Lea el bolet\u00edn de noticias Enero - Marzo 2023 de CEPIa. Conozca los informes de psicolog\u00eda y los avances de nuestros programas.","breadcrumb":{"@id":"https:\/\/cepiacostarica.org\/es\/news\/2023\/04\/boletin-de-noticias-enero-marzo-2023\/#breadcrumb"},"inLanguage":"es-CR","potentialAction":[{"@type":"ReadAction","target":["https:\/\/cepiacostarica.org\/es\/news\/2023\/04\/boletin-de-noticias-enero-marzo-2023\/"]}]},{"@type":"ImageObject","inLanguage":"es-CR","@id":"https:\/\/cepiacostarica.org\/es\/news\/2023\/04\/boletin-de-noticias-enero-marzo-2023\/#primaryimage","url":"https:\/\/cepiacostarica.org\/wp-content\/uploads\/2023\/04\/News_Ene-Mar_2023-png.webp","contentUrl":"https:\/\/cepiacostarica.org\/wp-content\/uploads\/2023\/04\/News_Ene-Mar_2023-png.webp","width":1200,"height":800},{"@type":"BreadcrumbList","@id":"https:\/\/cepiacostarica.org\/es\/news\/2023\/04\/boletin-de-noticias-enero-marzo-2023\/#breadcrumb","itemListElement":[{"@type":"ListItem","position":1,"name":"Home","item":"https:\/\/cepiacostarica.org\/es\/"},{"@type":"ListItem","position":2,"name":"Novedades CEPIA","item":"https:\/\/cepiacostarica.org\/es\/novedades-de-cepia\/"},{"@type":"ListItem","position":3,"name":"Bolet\u00edn de noticias Enero &#8211; Marzo 2023"}]},{"@type":"WebSite","@id":"https:\/\/cepiacostarica.org\/es\/#website","url":"https:\/\/cepiacostarica.org\/es\/","name":"CEPIA Costa Rica","description":"S\u00e9 el cambio que quieres ver en el mundo","publisher":{"@id":"https:\/\/cepiacostarica.org\/es\/#organization"},"potentialAction":[{"@type":"SearchAction","target":{"@type":"EntryPoint","urlTemplate":"https:\/\/cepiacostarica.org\/es\/?s={search_term_string}"},"query-input":{"@type":"PropertyValueSpecification","valueRequired":true,"valueName":"search_term_string"}}],"inLanguage":"es-CR"},{"@type":"Organization","@id":"https:\/\/cepiacostarica.org\/es\/#organization","name":"Asociacion CEPIA","url":"https:\/\/cepiacostarica.org\/es\/","logo":{"@type":"ImageObject","inLanguage":"es-CR","@id":"https:\/\/cepiacostarica.org\/es\/#\/schema\/logo\/image\/","url":"https:\/\/cepiacostarica.org\/wp-content\/uploads\/2019\/11\/logo_PP_CEPIA-png.webp","contentUrl":"https:\/\/cepiacostarica.org\/wp-content\/uploads\/2019\/11\/logo_PP_CEPIA-png.webp","width":289,"height":94,"caption":"Asociacion CEPIA"},"image":{"@id":"https:\/\/cepiacostarica.org\/es\/#\/schema\/logo\/image\/"},"sameAs":["https:\/\/www.facebook.com\/cepiacostarica1\/","https:\/\/www.instagram.com\/cepia_costa_rica\/","https:\/\/www.youtube.com\/@CEPIACosta_Rica"]},{"@type":"Person","@id":"https:\/\/cepiacostarica.org\/es\/#\/schema\/person\/9e08ae3bb870405954664046b8e6d1ce","name":"CEPIA Costa Rica","image":{"@type":"ImageObject","inLanguage":"es-CR","@id":"https:\/\/secure.gravatar.com\/avatar\/887a58552fce56951d0c9e0977e9aaeff2abaa5ff97ad497edb97e6139be6daf?s=96&d=mm&r=g","url":"https:\/\/secure.gravatar.com\/avatar\/887a58552fce56951d0c9e0977e9aaeff2abaa5ff97ad497edb97e6139be6daf?s=96&d=mm&r=g","contentUrl":"https:\/\/secure.gravatar.com\/avatar\/887a58552fce56951d0c9e0977e9aaeff2abaa5ff97ad497edb97e6139be6daf?s=96&d=mm&r=g","caption":"CEPIA Costa Rica"}}]}},"_links":{"self":[{"href":"https:\/\/cepiacostarica.org\/es\/wp-json\/wp\/v2\/posts\/5008","targetHints":{"allow":["GET"]}}],"collection":[{"href":"https:\/\/cepiacostarica.org\/es\/wp-json\/wp\/v2\/posts"}],"about":[{"href":"https:\/\/cepiacostarica.org\/es\/wp-json\/wp\/v2\/types\/post"}],"author":[{"embeddable":true,"href":"https:\/\/cepiacostarica.org\/es\/wp-json\/wp\/v2\/users\/1"}],"replies":[{"embeddable":true,"href":"https:\/\/cepiacostarica.org\/es\/wp-json\/wp\/v2\/comments?post=5008"}],"version-history":[{"count":0,"href":"https:\/\/cepiacostarica.org\/es\/wp-json\/wp\/v2\/posts\/5008\/revisions"}],"wp:featuredmedia":[{"embeddable":true,"href":"https:\/\/cepiacostarica.org\/es\/wp-json\/wp\/v2\/media\/4957"}],"wp:attachment":[{"href":"https:\/\/cepiacostarica.org\/es\/wp-json\/wp\/v2\/media?parent=5008"}],"wp:term":[{"taxonomy":"category","embeddable":true,"href":"https:\/\/cepiacostarica.org\/es\/wp-json\/wp\/v2\/categories?post=5008"},{"taxonomy":"post_tag","embeddable":true,"href":"https:\/\/cepiacostarica.org\/es\/wp-json\/wp\/v2\/tags?post=5008"}],"curies":[{"name":"wp","href":"https:\/\/api.w.org\/{rel}","templated":true}]}}