{"id":4487,"date":"2023-02-03T00:22:56","date_gmt":"2023-02-03T06:22:56","guid":{"rendered":"https:\/\/cepiacostarica.org\/?p=4487"},"modified":"2023-02-03T01:42:02","modified_gmt":"2023-02-03T07:42:02","slug":"boletin-de-noticias-octubre-diciembre-2022","status":"publish","type":"post","link":"https:\/\/cepiacostarica.org\/es\/news\/2023\/02\/boletin-de-noticias-octubre-diciembre-2022\/","title":{"rendered":"Bolet\u00edn de noticias Octubre &#8211; Diciembre 2022"},"content":{"rendered":"<h2>Una exitosa Campa\u00f1a de Navidad en Guanacaste<\/h2>\n<p><img data-dominant-color=\"a59294\" data-has-transparency=\"false\" style=\"--dominant-color: #a59294;\" loading=\"lazy\" decoding=\"async\" class=\"aligncenter size-full wp-image-4438 not-transparent\" src=\"https:\/\/cepiacostarica.org\/wp-content\/uploads\/2023\/02\/News_Oct-Dec-1-2-3.webp\" alt=\"\" width=\"630\" height=\"219\" srcset=\"https:\/\/cepiacostarica.org\/wp-content\/uploads\/2023\/02\/News_Oct-Dec-1-2-3.webp 630w, https:\/\/cepiacostarica.org\/wp-content\/uploads\/2023\/02\/News_Oct-Dec-1-2-3-300x104.webp 300w, https:\/\/cepiacostarica.org\/wp-content\/uploads\/2023\/02\/News_Oct-Dec-1-2-3-280x97.webp 280w\" sizes=\"auto, (max-width: 630px) 100vw, 630px\" \/><br \/>\nGracias a todos las personas que donaron regalos y dinero para la compra de regalos!! Gracias al evento Blanco y negro, y gracias a las donaciones de regalos se logr\u00f3 entregar regalos de Navidad a m\u00e1s de 1250 ni\u00f1os y ni\u00f1as!! 110 familias recibieron un paquete de alimentos para festejar esta Navidad.<\/p>\n<p>Un agradecimiento muy especial a Alexandra Hill Zepeda y Allyson Rappaport por asumir la log\u00edstica de todos los regalos!<\/p>\n<p>Gracias a los siguientes voluntarios por su apoyo: Christelle Herriot, Jessica Williams, Jodi gallant, Kelle Rich, Kristin Coffey, Nathalie Salazar, Shelley Campbell, Terri Mccarthy, Traylor Portman, Rain Kramer, Amy Jacobs, Diane Alexander, Alexa and Ernest and Sean Toman, Noah and Sophie and Matt Goldberg , Bianca Javogue, Chris Ingalls, Christelle Herriot, Jessica Lynn Care, Amber Burroff, Geneva and Tahj and Diego Ellen, Natasha Averith, Sbarina, Isabel Burtak, Claudia Santisteve, Marla Steinmeyer, Karen Faller, Sabrina Brandstatter.<\/p>\n<p>Gracias el personal de CEPIA, en especial Laetitia Deweer, Maria Jose Cappa y Juan Carlos Gomez por su coordinaci\u00f3n y trabajo continuo.<\/p>\n<p>Gracias a la Junta Directiva de CEPIA Simona Daniele, Martin Salerno, Gina Matalvassi, Vincent Barrabe, Wenceslao Mendioroz, Erika Araya, Roberto Cespedes y Catalina Baltodano por su apoyo y dedicaci\u00f3n!<br \/>\n<img data-dominant-color=\"857566\" data-has-transparency=\"false\" style=\"--dominant-color: #857566;\" loading=\"lazy\" decoding=\"async\" class=\"aligncenter size-full wp-image-4440 not-transparent\" src=\"https:\/\/cepiacostarica.org\/wp-content\/uploads\/2023\/02\/News_Oct-Dec-4-5-6.webp\" alt=\"\" width=\"630\" height=\"281\" srcset=\"https:\/\/cepiacostarica.org\/wp-content\/uploads\/2023\/02\/News_Oct-Dec-4-5-6.webp 630w, https:\/\/cepiacostarica.org\/wp-content\/uploads\/2023\/02\/News_Oct-Dec-4-5-6-300x134.webp 300w, https:\/\/cepiacostarica.org\/wp-content\/uploads\/2023\/02\/News_Oct-Dec-4-5-6-280x125.webp 280w\" sizes=\"auto, (max-width: 630px) 100vw, 630px\" \/><\/p>\n<h4 style=\"text-align: center;\">\u00a1Tu solidaridad hace la diferencia!<\/h4>\n<p><a name=\"circulo-de-mujeres\"><\/a><\/p>\n<h2>Apoyando a las mujeres de Guanacaste: el Circulo de Mujeres<\/h2>\n<p><img data-dominant-color=\"787165\" data-has-transparency=\"false\" style=\"--dominant-color: #787165;\" loading=\"lazy\" decoding=\"async\" class=\"aligncenter size-full wp-image-4442 not-transparent\" src=\"https:\/\/cepiacostarica.org\/wp-content\/uploads\/2023\/02\/News_Oct-Dec-7-8.webp\" alt=\"\" width=\"630\" height=\"229\" srcset=\"https:\/\/cepiacostarica.org\/wp-content\/uploads\/2023\/02\/News_Oct-Dec-7-8.webp 630w, https:\/\/cepiacostarica.org\/wp-content\/uploads\/2023\/02\/News_Oct-Dec-7-8-300x109.webp 300w, https:\/\/cepiacostarica.org\/wp-content\/uploads\/2023\/02\/News_Oct-Dec-7-8-280x102.webp 280w\" sizes=\"auto, (max-width: 630px) 100vw, 630px\" \/><br \/>\nPara la sesi\u00f3n de cierre del Circulo de Mujeres , las mujeres visitaron el volc\u00e1n Miravalles. Agradecemos a las diferentes personas que colaboraron para hacer de este a\u00f1o una experiencia enriquecedora y especialmente a cada participante por sus aprendizajes, crecimiento y compromiso #somoscepia #circulodemujeres<br \/>\n<a name=\"seguridad\"><\/a><\/p>\n<h2>\u00a1NUESTRA SEGURIDAD ES UN TEMA DE TODOS!<\/h2>\n<p><img data-dominant-color=\"7a6b55\" data-has-transparency=\"false\" style=\"--dominant-color: #7a6b55;\" loading=\"lazy\" decoding=\"async\" class=\"aligncenter size-full wp-image-4444 not-transparent\" src=\"https:\/\/cepiacostarica.org\/wp-content\/uploads\/2023\/02\/News_Oct-Dec-9.webp\" alt=\"\" width=\"550\" height=\"367\" srcset=\"https:\/\/cepiacostarica.org\/wp-content\/uploads\/2023\/02\/News_Oct-Dec-9.webp 550w, https:\/\/cepiacostarica.org\/wp-content\/uploads\/2023\/02\/News_Oct-Dec-9-300x200.webp 300w, https:\/\/cepiacostarica.org\/wp-content\/uploads\/2023\/02\/News_Oct-Dec-9-280x187.webp 280w\" sizes=\"auto, (max-width: 550px) 100vw, 550px\" \/><br \/>\nLa Colectiva de Mujeres de Tamarindo particip\u00f3 en unas charlas en Liberia de la asociaci\u00f3n ACCEDER, relacionadas al tema de feminismo. tambien se realizo una charla dirigida a los taxistas en Tamarindo y a la escuela de idiomas EF para la prevencion de la violencia sexual en Tamarindo, con el apoyo de Asociaci\u00f3n de Desarrollo integral de Tamarindo.<\/p>\n<p>La Colectiva de Mujeres de Tamarindo en conjunto con Asociaci\u00f3n CEPIA y la Asociaci\u00f3n de Desarrollo integral de Tamarindo (ADIT), organiz\u00f3 la marcha y actividades el 25 de noviembre en conmemoraci\u00f3n del D\u00eda Internacional de la Eliminaci\u00f3n de la Violencia contra la Mujer.<br \/>\n<img data-dominant-color=\"edc6b0\" data-has-transparency=\"false\" style=\"--dominant-color: #edc6b0;\" loading=\"lazy\" decoding=\"async\" class=\"aligncenter wp-image-4481 size-full not-transparent\" src=\"https:\/\/cepiacostarica.org\/wp-content\/uploads\/2023\/02\/News_Oct-Dic-10-png.webp\" alt=\"\" width=\"550\" height=\"550\" srcset=\"https:\/\/cepiacostarica.org\/wp-content\/uploads\/2023\/02\/News_Oct-Dic-10-png.webp 550w, https:\/\/cepiacostarica.org\/wp-content\/uploads\/2023\/02\/News_Oct-Dic-10-300x300.webp 300w, https:\/\/cepiacostarica.org\/wp-content\/uploads\/2023\/02\/News_Oct-Dic-10-150x150.webp 150w, https:\/\/cepiacostarica.org\/wp-content\/uploads\/2023\/02\/News_Oct-Dic-10-187x187.webp 187w\" sizes=\"auto, (max-width: 550px) 100vw, 550px\" \/><\/p>\n<p>Las actividades realizaron en Tamarindo y en Santa Cruz, Guanacaste, y seg\u00fan comenta Wendy Valverde, unas de las miembros de la Colectiva de Mujeres de Tamarindo: \u201cdesde inicios del 2022 la colectiva se encuentra activa y este a\u00f1o se organiz\u00f3 nuevamente una marcha que sali\u00f3 de la Plaza de Deportes, Tamarindo, se camin\u00f3 por la calle principal hasta la rotonda y culmin\u00f3 la marcha en el Parque Oneida con actividades art\u00edsticas.La Colectiva busca que la comunidad de Tamarindo y pueblos aleda\u00f1os, sea segura para todas. Nuestra lucha es para que las ni\u00f1as y mujeres puedan ejercer su derecho a espacios seguros para el trabajo, deporte, diversi\u00f3n y movilidad y transporte\u201d.<br \/>\n<img data-dominant-color=\"7b776d\" data-has-transparency=\"false\" style=\"--dominant-color: #7b776d;\" loading=\"lazy\" decoding=\"async\" class=\"aligncenter size-full wp-image-4448 not-transparent\" src=\"https:\/\/cepiacostarica.org\/wp-content\/uploads\/2023\/02\/News_Oct-Dec-11.webp\" alt=\"\" width=\"550\" height=\"306\" srcset=\"https:\/\/cepiacostarica.org\/wp-content\/uploads\/2023\/02\/News_Oct-Dec-11.webp 550w, https:\/\/cepiacostarica.org\/wp-content\/uploads\/2023\/02\/News_Oct-Dec-11-300x167.webp 300w, https:\/\/cepiacostarica.org\/wp-content\/uploads\/2023\/02\/News_Oct-Dec-11-280x156.webp 280w\" sizes=\"auto, (max-width: 550px) 100vw, 550px\" \/><br \/>\n<img data-dominant-color=\"867162\" data-has-transparency=\"false\" style=\"--dominant-color: #867162;\" loading=\"lazy\" decoding=\"async\" class=\"aligncenter size-full wp-image-4450 not-transparent\" src=\"https:\/\/cepiacostarica.org\/wp-content\/uploads\/2023\/02\/News_Oct-Dec-12.webp\" alt=\"\" width=\"550\" height=\"314\" srcset=\"https:\/\/cepiacostarica.org\/wp-content\/uploads\/2023\/02\/News_Oct-Dec-12.webp 550w, https:\/\/cepiacostarica.org\/wp-content\/uploads\/2023\/02\/News_Oct-Dec-12-300x171.webp 300w, https:\/\/cepiacostarica.org\/wp-content\/uploads\/2023\/02\/News_Oct-Dec-12-280x160.webp 280w\" sizes=\"auto, (max-width: 550px) 100vw, 550px\" \/><br \/>\n<img data-dominant-color=\"767067\" data-has-transparency=\"false\" style=\"--dominant-color: #767067;\" loading=\"lazy\" decoding=\"async\" class=\"aligncenter size-full wp-image-4452 not-transparent\" src=\"https:\/\/cepiacostarica.org\/wp-content\/uploads\/2023\/02\/News_Oct-Dec-13.webp\" alt=\"\" width=\"550\" height=\"367\" srcset=\"https:\/\/cepiacostarica.org\/wp-content\/uploads\/2023\/02\/News_Oct-Dec-13.webp 550w, https:\/\/cepiacostarica.org\/wp-content\/uploads\/2023\/02\/News_Oct-Dec-13-300x200.webp 300w, https:\/\/cepiacostarica.org\/wp-content\/uploads\/2023\/02\/News_Oct-Dec-13-280x187.webp 280w\" sizes=\"auto, (max-width: 550px) 100vw, 550px\" \/><br \/>\n<img data-dominant-color=\"877466\" data-has-transparency=\"false\" style=\"--dominant-color: #877466;\" loading=\"lazy\" decoding=\"async\" class=\"aligncenter size-full wp-image-4456 not-transparent\" src=\"https:\/\/cepiacostarica.org\/wp-content\/uploads\/2023\/02\/News_Oct-Dec-15-16.webp\" alt=\"\" width=\"630\" height=\"263\" srcset=\"https:\/\/cepiacostarica.org\/wp-content\/uploads\/2023\/02\/News_Oct-Dec-15-16.webp 630w, https:\/\/cepiacostarica.org\/wp-content\/uploads\/2023\/02\/News_Oct-Dec-15-16-300x125.webp 300w, https:\/\/cepiacostarica.org\/wp-content\/uploads\/2023\/02\/News_Oct-Dec-15-16-280x117.webp 280w\" sizes=\"auto, (max-width: 630px) 100vw, 630px\" \/><br \/>\n<img data-dominant-color=\"b08c81\" data-has-transparency=\"false\" style=\"--dominant-color: #b08c81;\" loading=\"lazy\" decoding=\"async\" class=\"aligncenter size-full wp-image-4454 not-transparent\" src=\"https:\/\/cepiacostarica.org\/wp-content\/uploads\/2023\/02\/News_Oct-Dec-14.webp\" alt=\"\" width=\"630\" height=\"343\" srcset=\"https:\/\/cepiacostarica.org\/wp-content\/uploads\/2023\/02\/News_Oct-Dec-14.webp 630w, https:\/\/cepiacostarica.org\/wp-content\/uploads\/2023\/02\/News_Oct-Dec-14-300x163.webp 300w, https:\/\/cepiacostarica.org\/wp-content\/uploads\/2023\/02\/News_Oct-Dec-14-280x152.webp 280w\" sizes=\"auto, (max-width: 630px) 100vw, 630px\" \/><br \/>\n<a name=\"clubes-ninas\"><\/a><\/p>\n<h2>Clubes de ni\u00f1as CEPIA<\/h2>\n<p>CEPIA ofrece un club de ni\u00f1as en muchas comunidades: Huacas, El Llano, La Garita Nueva, 27 de abril, Villarreal, San Francisco\/Linderos, Cartagena, Tempate, El Llanito, san jose de Pinilla, Santa Rosa, Brasilito, Paso Hondo. Durante este tiempo han aprendido sobre el valor de cada una de las ni\u00f1as, la importancia de contar con espacios seguros donde sean respetadas, as\u00ed como identificar posibles peligros para tomar las mejores decisiones en el presente y futuro.<\/p>\n<p>Este espacio semanal es de suma importancia para una comunidad como Brasilito, la cual desafortunadamente no cuenta con centro educativo, por lo que los espacios de convivencia con otras ni\u00f1as son realmente necesarios y provechosos.<\/p>\n<p>Gracias a los padrinos de este programa; Fundacion Strachan, Reserva Conchal, Flamingo realty, Brano polak, Karuna foundation, Julie and Jeff Jumonville.<\/p>\n<p>Al final de este periodo se llev\u00f3 a cabo una graduaci\u00f3n y paseo en el club de ni\u00f1as de la<br \/>\ncomunidad de Huacas. Extendemos un fuerte agradecimiento a los que hicieron posible este paseo en Villa Pura Vibra en Playa Potrero.<br \/>\n<a name=\"surf-4-youth\"><\/a><\/p>\n<h2>SURF 4 YOUTH<\/h2>\n<div id=\"attachment_4460\" style=\"width: 560px\" class=\"wp-caption aligncenter\"><img data-dominant-color=\"6f87a5\" data-has-transparency=\"false\" style=\"--dominant-color: #6f87a5;\" loading=\"lazy\" decoding=\"async\" aria-describedby=\"caption-attachment-4460\" class=\"wp-image-4460 size-full not-transparent\" src=\"https:\/\/cepiacostarica.org\/wp-content\/uploads\/2023\/02\/News_Oct-Dec-18.webp\" alt=\"\" width=\"550\" height=\"566\" srcset=\"https:\/\/cepiacostarica.org\/wp-content\/uploads\/2023\/02\/News_Oct-Dec-18.webp 550w, https:\/\/cepiacostarica.org\/wp-content\/uploads\/2023\/02\/News_Oct-Dec-18-292x300.webp 292w, https:\/\/cepiacostarica.org\/wp-content\/uploads\/2023\/02\/News_Oct-Dec-18-182x187.webp 182w\" sizes=\"auto, (max-width: 550px) 100vw, 550px\" \/><p id=\"caption-attachment-4460\" class=\"wp-caption-text\">El programa surf4youth es posible Gracias al apoyo de marlin del rey y nuestro instructor juan carlos naranjo, tambi\u00e9n entrenador del equipo nacional junior de Costa Rica<\/p><\/div>\n<p>El equipo de S4Y le da la bienvenida al surfeador profesional Juan Carlos Naranjo, quien tiene una larga carrera en el surf, representando a Costa Rica en varios mundiales latinoamericanos, centroamericanos y ahora se dedica a ser coach.<\/p>\n<p>Juan Carlos, en los primeros d\u00edas de entreno comenz\u00f3 proyectando videos motivacionales, entrenamientos f\u00edsicos enfocados en el surf en playa Tamarindo.<\/p>\n<p>Durante el entrenamiento en el agua se desarrollaron estrategias de competici\u00f3n, recreaci\u00f3n de posibles escenarios en una competencia de surf, entre otros.<\/p>\n<p>El equipo est\u00e1 muy feliz de tenerlo al igual un gran agradecimiento a Geovanny Espinoza<br \/>\nquien brind\u00f3 su acompa\u00f1amiento en los \u00faltimos a\u00f1os.<br \/>\n<a name=\"soy-la-respuesta\"><\/a><\/p>\n<h2>Yo Soy la Respuesta<\/h2>\n<p>El programa concluy\u00f3 de manera exitosa su primer a\u00f1o de implementaci\u00f3n en 9 escuelas p\u00fablicas de Guanacaste gracias a el financiamiento de Todd and Mary Heistand Family Foundation.<br \/>\n<img data-dominant-color=\"6d7360\" data-has-transparency=\"false\" style=\"--dominant-color: #6d7360;\" loading=\"lazy\" decoding=\"async\" class=\"aligncenter size-full wp-image-4462 not-transparent\" src=\"https:\/\/cepiacostarica.org\/wp-content\/uploads\/2023\/02\/News_Oct-Dec-19.webp\" alt=\"\" width=\"550\" height=\"403\" srcset=\"https:\/\/cepiacostarica.org\/wp-content\/uploads\/2023\/02\/News_Oct-Dec-19.webp 550w, https:\/\/cepiacostarica.org\/wp-content\/uploads\/2023\/02\/News_Oct-Dec-19-300x220.webp 300w, https:\/\/cepiacostarica.org\/wp-content\/uploads\/2023\/02\/News_Oct-Dec-19-255x187.webp 255w\" sizes=\"auto, (max-width: 550px) 100vw, 550px\" \/><br \/>\nAgradecemos la alianza con la Fundaci\u00f3n Gaia, a Javier Francisco Ortiz y Adriana Ramirez por su valioso aporte en el campo de la Evoluci\u00f3n Consciente y por compartir esta misi\u00f3n con CEPIA. Agradecemos a las mentoras Wendy Abarca y Priscila Arias, a las voluntarias: Erika Araya, Marilu Caravaca, Lia Gonzalez, Marla steinweg e Isabel burtak, a las docentes y directores de cada una de las escuelas, todos indispensables para llevar a cabo este bello proyecto, alcanzando a 221 ni\u00f1os y ni\u00f1as de nuestra bella provincia.<\/p>\n<p>Las comunidades de San Francisco, Trapiche, Hernandez, 27 de Abril, Paso Hondo, Playa Potrero, Cartagena y la Garita ahora cuentan con su primera generaci\u00f3n de Guardianas y Guardianes de la Tierra, en el \u00faltimo m\u00f3dulo los ni\u00f1as y ni\u00f1as aprendieron aprendieron que cada acci\u00f3n que realizamos tiene un impacto en el Planeta, por lo que firmaron el Acuerdo de Paz y Bienestar con la Tierra, eligiendo vivir de forma consciente, saludable y sostenible y as\u00ed reducir su huella ecol\u00f3gica, participando de manera activa en la soluci\u00f3n de los problemas que enfrenta el planeta, ya que son la esperanza de la humanidad, yo soy la respuesta busca concientizar a los ni\u00f1os y las ni\u00f1as sobre la importancia de cuidarnos a nosotros mismos y de reconocer al Planeta Tierra como un Ser Viviente y que si el Planeta se enferma nosotros enfermamos tambi\u00e9n.<\/p>\n<p>Durante el tercer m\u00f3dulo sobre Vida Sostenible los ni\u00f1os y ni\u00f1as participantes de este programa mejoraron su conciencia ambiental mediante la participaci\u00f3n en acciones colectivas, trabajo comunitario y aprendiendo a vivir en Armon\u00eda con la Naturaleza, algunas como limpieza de playas y de los alrededores de la Escuela y la plaza, sembraron \u00e1rboles en las escuelas, aprendieron sobre h\u00e1bitos de consumo responsable, a cuidar el agua, sobre biodiversidad, amar a los animales, aprendieron las afirmaciones de la Tierra y completaron el arco iris de las 9 facultades m\u00e1gicas del ser, que se vieron durante los 3 m\u00f3dulos. Adem\u00e1s algunos grupos realizaron una Gira de Integraci\u00f3n a la huerta Regenerativa de Tempate. Gracias a Roberto c\u00e9spedes por el apoyo.<\/p>\n<p>El programa iniciar\u00e1 nuevamente su ejecuci\u00f3n en marzo del 2023 alcanzando una poblaci\u00f3n de 200 ni\u00f1os y ni\u00f1as en nuevas escuelas. Estamos muy felices del impacto tan positivo que este programa tendr\u00e1 en la vida de muchos, en las familias, en la comunidad y el Planeta. Gracias y Felicidades a todos y todas las Guardianas y Guardianes del Planeta, CEPIA 2022.<br \/>\n<img data-dominant-color=\"636f64\" data-has-transparency=\"false\" style=\"--dominant-color: #636f64;\" loading=\"lazy\" decoding=\"async\" class=\"aligncenter size-full wp-image-4464 not-transparent\" src=\"https:\/\/cepiacostarica.org\/wp-content\/uploads\/2023\/02\/News_Oct-Dec-20-23.webp\" alt=\"\" width=\"630\" height=\"473\" srcset=\"https:\/\/cepiacostarica.org\/wp-content\/uploads\/2023\/02\/News_Oct-Dec-20-23.webp 630w, https:\/\/cepiacostarica.org\/wp-content\/uploads\/2023\/02\/News_Oct-Dec-20-23-300x225.webp 300w, https:\/\/cepiacostarica.org\/wp-content\/uploads\/2023\/02\/News_Oct-Dec-20-23-249x187.webp 249w\" sizes=\"auto, (max-width: 630px) 100vw, 630px\" \/><br \/>\n<a name=\"patinaje\"><\/a><\/p>\n<h2>Patinaje<\/h2>\n<p>Estamos muy felices y agradecidos con happy feet , por las clases de skateboarding para los ni\u00f1os y ni\u00f1as de la comunidad de Brasilito. Tambien #gracias a Reserva conchal por prestar el parque para las actividades recreativas. Este programa es una alianza exitosa entre Happy Feet y CEPIA. Existe tambien un grupo de patinaje en Villarreal y uno en playa grande.<img data-dominant-color=\"7a7973\" data-has-transparency=\"false\" style=\"--dominant-color: #7a7973;\" loading=\"lazy\" decoding=\"async\" class=\"aligncenter size-full wp-image-4466 not-transparent\" src=\"https:\/\/cepiacostarica.org\/wp-content\/uploads\/2023\/02\/News_Oct-Dec-24.webp\" alt=\"\" width=\"550\" height=\"352\" srcset=\"https:\/\/cepiacostarica.org\/wp-content\/uploads\/2023\/02\/News_Oct-Dec-24.webp 550w, https:\/\/cepiacostarica.org\/wp-content\/uploads\/2023\/02\/News_Oct-Dec-24-300x192.webp 300w, https:\/\/cepiacostarica.org\/wp-content\/uploads\/2023\/02\/News_Oct-Dec-24-280x179.webp 280w\" sizes=\"auto, (max-width: 550px) 100vw, 550px\" \/><br \/>\n<a name=\"empleabilidad\"><\/a><\/p>\n<h2>Formaciones y Empleabilidad<\/h2>\n<p>El programa de Formaciones Profesionales y Empleabilidad continua brindando oportunidades a la comunidad. Durante el \u00faltimo trimestre de este a\u00f1o, se han concluido 12 cursos, entre ellos dos junto al Instituto Nacional de Aprendizaje (INA): B\u00e1sico de Embarco (Zafarrancho) y Operador de Piscinas.<\/p>\n<p><span style=\"font-weight: 400;\">Finalizaron adem\u00e1s, tres cursos de Ingl\u00e9s y la formaci\u00f3n de Instalaciones El\u00e9ctricas en Edificaciones, para un total de 73 estudiantes graduados en los \u00faltimos tres meses del 2022<\/span>.<br \/>\n<img data-dominant-color=\"7e7870\" data-has-transparency=\"false\" style=\"--dominant-color: #7e7870;\" loading=\"lazy\" decoding=\"async\" class=\"aligncenter size-full wp-image-4468 not-transparent\" src=\"https:\/\/cepiacostarica.org\/wp-content\/uploads\/2023\/02\/News_Oct-Dec-25.webp\" alt=\"\" width=\"550\" height=\"402\" srcset=\"https:\/\/cepiacostarica.org\/wp-content\/uploads\/2023\/02\/News_Oct-Dec-25.webp 550w, https:\/\/cepiacostarica.org\/wp-content\/uploads\/2023\/02\/News_Oct-Dec-25-300x219.webp 300w, https:\/\/cepiacostarica.org\/wp-content\/uploads\/2023\/02\/News_Oct-Dec-25-256x187.webp 256w\" sizes=\"auto, (max-width: 550px) 100vw, 550px\" \/><br \/>\nDurante el mes de noviembre, llevase llev\u00f3 a cabo en Tamarindo, una certificaci\u00f3n avalada por la Asociaci\u00f3n Internacional de Surf, diez surfistas de la comunidad recibieron capacitaci\u00f3n en Rescate Acu\u00e1tico y Est\u00e1ndares para Instructores de Surf. La capacitaci\u00f3n incluy\u00f3 tanto horas en aula como pr\u00e1cticas en la playa y finaliz\u00f3 con un taller de surf para ni\u00f1os, el cual coordinamos en conjunto con el programa de Clases Extraescolares de CEPIA.<br \/>\n<img data-dominant-color=\"8c8a90\" data-has-transparency=\"false\" style=\"--dominant-color: #8c8a90;\" loading=\"lazy\" decoding=\"async\" class=\"aligncenter size-full wp-image-4470 not-transparent\" src=\"https:\/\/cepiacostarica.org\/wp-content\/uploads\/2023\/02\/News_Oct-Dec-26.webp\" alt=\"\" width=\"550\" height=\"344\" srcset=\"https:\/\/cepiacostarica.org\/wp-content\/uploads\/2023\/02\/News_Oct-Dec-26.webp 550w, https:\/\/cepiacostarica.org\/wp-content\/uploads\/2023\/02\/News_Oct-Dec-26-300x188.webp 300w, https:\/\/cepiacostarica.org\/wp-content\/uploads\/2023\/02\/News_Oct-Dec-26-280x175.webp 280w\" sizes=\"auto, (max-width: 550px) 100vw, 550px\" \/><br \/>\nCEPIA desarroll\u00f3 adem\u00e1s, otro tipo de formaciones como talleres y capacitaciones, incluyendo Manipulaci\u00f3n de Alimentos, Costura, U\u00f1as acr\u00edlicas e Instructor de nataci\u00f3n\/salvavidas. De este tipo de formaciones se graduaron 45 personas.<\/p>\n<p>Con respecto al \u00e1rea de Empleabilidad, Wendy Valverde, coordinadora del programa ha brindado el servicio de asesor\u00eda gratuita, en el cu\u00e1l se elabora un curr\u00edculum efectivo y se brinda gu\u00eda a los usuarios para tener una b\u00fasqueda de empleo exitosa. El 89% de las personas atendidas durante el \u00faltimo trimestre, califican al servicio de empleabilidad con la nota m\u00e1s alta, destacan el apoyo y motivaci\u00f3n por parte del personal de CEPIA y la utilidad de la informaci\u00f3n que compartimos con ellos durante la sesi\u00f3n.<\/p>\n<p>Agradecemos a los donantes y voluntarios quienes son parte fundamental del programa. Una menci\u00f3n especial para John y Donna Sommer, Richard Ram\u00edrez, Shelley Campbell, Linnea Husser, Gustavo Corrales, Isabel Burtak, Claudia Santisteve. Un agradecimiento especial a Juan Fonseca, por sus significativos aportes al programa durante la etapa de inicio y desarrollo.<\/p>\n<p>Reconocemos tambi\u00e9n la vocaci\u00f3n de los profesores de CEPIA, INA y el esfuerzo y determinaci\u00f3n de los estudiantes, quienes nos llenan de un profundo orgullo<\/p>\n<p>Agradecer a las empresas e instituciones que han hecho posibles las acciones del programa: Iguana Surf, Hotel Tamarindo Bay, Selina Tamarindo, Witch\u2019s Rock, Vamos Youth, Tamarindo Church, Condominio Las Colinas, El Mercadito Tamarindo, La Oveja Tamarindo y Mandarina Tamarindo.<br \/>\n<a name=\"familias-en-pobreza\"><\/a><\/p>\n<h2>Fortaleciendo familias en pobreza<\/h2>\n<p>Actualmente se cuenta con seguimiento de familias en condici\u00f3n de pobreza y pobreza extrema que requieren intervenci\u00f3n y asistencia social en este periodo se han atendido 60 familias, mediante distintas donaciones de productos alimentarios, mobiliario.<br \/>\n<img data-dominant-color=\"6f685e\" data-has-transparency=\"false\" style=\"--dominant-color: #6f685e;\" loading=\"lazy\" decoding=\"async\" class=\"aligncenter size-full wp-image-4472 not-transparent\" src=\"https:\/\/cepiacostarica.org\/wp-content\/uploads\/2023\/02\/News_Oct-Dec-27.webp\" alt=\"\" width=\"485\" height=\"524\" srcset=\"https:\/\/cepiacostarica.org\/wp-content\/uploads\/2023\/02\/News_Oct-Dec-27.webp 485w, https:\/\/cepiacostarica.org\/wp-content\/uploads\/2023\/02\/News_Oct-Dec-27-278x300.webp 278w, https:\/\/cepiacostarica.org\/wp-content\/uploads\/2023\/02\/News_Oct-Dec-27-173x187.webp 173w\" sizes=\"auto, (max-width: 485px) 100vw, 485px\" \/><br \/>\n<a name=\"psicologia-cidai\"><\/a><\/p>\n<h2>Psicolog\u00eda para el programa CIDAI<\/h2>\n<p>Durante el a\u00f1o 2022 se ha brindado atenci\u00f3n psicol\u00f3gica a 98 personas menores de edad del programa CIDAI donde se han referido a tratamientos hol\u00edsticos con flores de Bach, aromaterapia, yoga para ni\u00f1os\/as, CDB, y referencias a clases extra escolares de nataci\u00f3n, gimnasia.<\/p>\n<p>Se han abordado las personas desde diferentes enfoques terap\u00e9uticos como terapia de familia, intervenci\u00f3n en crisis, EMDR, psicoterapia breve. Los principales motivos de consulta abordados durante este a\u00f1o 2022 fueron trastorno de conducta, s\u00edntomas depresivos, conflictiva familiar y valoraciones.<\/p>\n<p>Se ha alcanzado un total de 100 personas menores de edad, a trav\u00e9s de 26 talleres de corte psicoeducativo con los temas prevenci\u00f3n de bullying, sexualidad, prevenci\u00f3n de drogas, prevenci\u00f3n de abuso sexual, embarazo adolescente, noviazgo, toma de decisiones, resoluci\u00f3n de conflictos, emociones, cambios del desarrollo, duelo, tipos de violencia, t\u00e9cnicas de autocontrol emocional, aprendiendo a compartir, tipos de violencia, h\u00e1bitos de higiene.<\/p>\n<p>Se ha implementado grupos terap\u00e9uticos de disciplina positiva con participaci\u00f3n de 10 madres del programa CIDAI, bajo el lema \u201ccrianza sin l\u00e1grimas\u201d con un total de 32 asistencias en total, con este grupo se tiene como objetivo que las familias se comprometan con la educaci\u00f3n de sus hijos\/as y que se motiven a acompa\u00f1ar de la manera m\u00e1s favorable en el desarrollo socioemocional de sus hijos\/as. Seg\u00fan resultados del pre test las madres manejaban el siguiente concepto de disciplina positiva:<br \/>\n<em>\u201cMi mama me ense\u00f1o que solo una vez se habla\u201d<\/em><br \/>\n<em>\u201cEs dar \u00f3rdenes sin agresi\u00f3n\u201d<\/em><br \/>\n<em>\u201cPara m\u00ed la disciplina es darle un castigo cuando se porta mal\u201d<\/em><\/p>\n<p>y utilizaban como estrategia para disciplinar:<br \/>\n<em>\u201cYo los pongo a lavar platos o no ver tele, los castigo\u201d<\/em><br \/>\n<em>\u201cTiempo fuera castigarlo, no ver tele, no darle o comprarle juguetes, chocolates\u201d<\/em><br \/>\n<em>\u201cLes hablo 3 veces, a veces le pego\u201d<\/em><\/p>\n<p>Por medio del post test se demostr\u00f3 que las madres tuvieron un aprendizaje<br \/>\nsignificativo en las estrategias y el concepto de disciplina ya que mencionaron:<br \/>\n<em>\u201cEs educar a nuestros hijos con amor y firmeza\u201d<\/em><br \/>\n<em>\u201cDisciplinar con firmeza, pero sobre todo con paciencia y amor\u201d<\/em><br \/>\n<em>\u201ces ser amable y firme al mismo tiempo, es ser respetuosa y motivadora\u201d<\/em><\/p>\n<p>De las estrategias de disciplina positiva que aprendieron y que implementan mencionan:<br \/>\n<em>\u201cDar rutinas, dar ejemplos, asignarle tareas\u201d<\/em><br \/>\n<em>\u201cel dialogo y la confianza\u201d<\/em><br \/>\n<em>\u201csiempre reafirmar comentarios positivos, siendo sinceros\u201d<\/em><\/p>\n<p>Mediante el post test las madres reflejaron que el grupo terap\u00e9utico cumpli\u00f3 sus<br \/>\nexpectativas:<br \/>\n<em>\u201cMe sent\u00ed c\u00f3moda con el grupo, aprend\u00ed much\u00edsimo y me sirve porque tengo muchos hijos\u201d<\/em><br \/>\n<em>\u201cMe han ayudado a ser mejor madre con mi hija\u201d<\/em><br \/>\n<em>\u201cme record\u00f3 que somos seres humanos aprendiendo a lidiar con ser madres, en especial sent\u00ed que no estoy sola\u201d<\/em><\/p>\n<p>Por otro lado cabe destacar que 54 padres y madres de familia participaron durante 5 meses del proceso formativo que busca capacitar a l\u00edderes comunales en el abordaje integral de los intentos de suicidio y prevenci\u00f3n comunitaria, una estrategia de las ILAIS que tiene como objetivo que se capaciten y que se involucren en los temas de salud; dentro de su propuesta metodol\u00f3gica permite identificar conceptos b\u00e1sicos del suicidio, factores protectores y de riesgo, prevenci\u00f3n de la conducta suicida, primeros auxilios emocionales, duelo por suicidio y ruta de atenci\u00f3n en casos referentes a conductas suicidas. Gracias a la UNED por gestionar y articular esta capacitaci\u00f3n para CEPIA. Algunos padres y madres de familia indicaron estar muy satisfechos con la capacitaci\u00f3n<br \/>\nrecibida y expresaron que su mayor aprendizaje fue:<\/p>\n<p><em>\u201cEl compartir m\u00e1s y ser m\u00e1s comunicativo dejando a un lado el tel\u00e9fono el querernos y consentirnos m\u00e1s para poder gozar de una buena salud mental. El liberar el stress el siempre buscar la manera de como expresar nuestros miedo o sentimientos y no cerrarnos tanto.\u201d<\/em><br \/>\n<em>\u201cSobre el autoestima es ser positivos siempre\u201d<\/em><br \/>\n<em>\u201cLo de ayudar a las personas con problemas de depresi\u00f3n\u201d<\/em><br \/>\n<em>\u201cSalud Mental\u201d<\/em><br \/>\n<em>\u201cBueno en mi caso los primero que vi fueron muy excelentes los temas que impartieron\u201d<\/em><br \/>\n<a name=\"atencion-psicologica\"><\/a><\/p>\n<h2>Atenci\u00f3n psicol\u00f3gica para todos y todas<\/h2>\n<p>Durante el a\u00f1o 2022 fueron atendidos en psicolog\u00eda externa un total de 198 personas menores de edad, los principales motivos de consulta en el \u00e1rea de psicolog\u00eda cl\u00ednica los cu\u00e1les fueron en primer lugar los trastornos de conducta, segundo lugar s\u00edntomas depresivos, en tercer lugar, trastorno de ansiedad, y en cuarto lugar abuso sexual y conflictiva familiar, mostrando un incremento de 6 casos en abuso sexual con respecto al a\u00f1o 2021.<\/p>\n<p>Se efectuaron un total de 855 sesiones psicoterap\u00e9uticas individuales a 252 personas adultas (185 mujeres y 67 hombres).<\/p>\n<p>Con respecto a la terapia grupal fueron beneficiadas 9 madres y 15 personas adolescentes, se brindaron 7 sesiones de disciplina positiva y 6 sesiones de manejo de emociones; respecto al trabajo comunitario, se brindaron talleres a centros educativos y fueron beneficiados un total 370 menores de edad y 37 madres y padres. En cuanto a la poblaci\u00f3n adolescente, se atendieron 52 personas en sesiones psicoterap\u00e9uticas individuales y familiares.<\/p>\n<h3>HISTORIAS DE IMPACTO<\/h3>\n<p>Le quiero pedir demasiadas gracias por todo lo que hizo por mi, me a ayudado a sentirme muy bien y por eso le pido gracias por todo, con usted me pude desahogar y expresarme, para mi es una gran psic\u00f3loga, es la mejor, gracias\u201d (ni\u00f1a de 9 a\u00f1os).<\/p>\n<p>A trav\u00e9s de los talleres psicoeducativos-preventivos para los centros educativos (comunidades) educamos, aprendemos , prevenimos, impactamos con las comunidades nuestras personas menores de edad y sus familias, ya que se alcanzaron 407 personas, a trav\u00e9s de 22 talleres dirigidos a 7 escuelas p\u00fablicas y los 3 colegios principales de la zona de influencia de CEPIA, con dos tem\u00e1ticas preventivasque fueron: Violencia en centros educativos para personas menores de edad ydisciplina positiva para padres, madres y personas encargadas de los ni\u00f1os, ni\u00f1as y j\u00f3venes.<\/p>\n<p>Docentes de 5 escuelas se\u00f1alaron que fue positivo para los y las estudiantes y los padres de familias los talleres<\/p>\n<p>La gran novedad en atenci\u00f3n psicolog\u00eda fue la terapia grupal para este a\u00f1o 2022, la poblaci\u00f3n meta fue j\u00f3venes y madres de familia externas y de programa CIDAI; tuvo un alcance de 35 personas, entre ellas 15 menores de edad (j\u00f3venes), 10 madres de familia del programa CIDAI y 10 madres de atenci\u00f3n externa . Los temas que se abordaron fueron : gesti\u00f3n de emociones y ansiedad para j\u00f3venes externos y crianza con firmeza y amor para madres de familia de CIDAI. A trav\u00e9s de las escalas de ansiedad de Zung se evidencia que la mitad de los j\u00f3venes lograron disminuir la ansiedad inicialmente de moderada &#8211; severa a ansiedad leve, impactando positivamente su estado de ansiedad y \u00e1nimo.<\/p>\n<p>Agradecimientos: A las personas voluntarias:Lic. Luis Eduardo Zapata, Licda Sary Barrantes, Licda Sugey Alvarez, estudiantes de enfermer\u00eda de la Universidad Latina de Costa Rica, y gracias al apoyo interinstitucional de la UNED-ILAIS, Licda Maria Edith Arrieta Ortiz, Milagros Rodriguez Rodriguez, Mariam Paniagua, Michelle Mc Cluff, Roy Fonseca, Anyi Arroyo, Wendy Abarca, Priscila Arias,Patricia Coester, Alejandro. Gracias a las voluntarias extranjeras Claudia Santisteve, Isabel Bustali, Elena Thoni, Marla Steinmeyer.<br \/>\n<a name=\"centro-diurno\"><\/a><\/p>\n<h2>Centro Infantil Diurno de atenci\u00f3n integral<\/h2>\n<p>El Centro Infantil Diurno de atenci\u00f3n integral (CIDAI) beneficia a 111 personas<br \/>\nmenores de edad en situacion de riesgo social, protegiendo sus derechos y ense\u00f1andoles habilidades para la vida. Las personas menores de edad durante este trimestre recibieron apoyo educativo, apoyo socioemocional y psicol\u00f3gico. El 50% de la poblaci\u00f3n recibi\u00f3 clases de m\u00fasica.<\/p>\n<p>Durante el mes de octubre se celebr\u00f3 el d\u00eda del ni\u00f1o y la ni\u00f1a por medio de una fiesta de disfraces. En el mes de septiembre las personas menores de edad recibieron terapia de Sonido con la voluntaria Vezna. Se particip\u00f3 del desfile del 15 de septiembre en la comunidad de Huacas.<br \/>\n<img data-dominant-color=\"81867e\" data-has-transparency=\"false\" style=\"--dominant-color: #81867e;\" loading=\"lazy\" decoding=\"async\" class=\"aligncenter size-full wp-image-4474 not-transparent\" src=\"https:\/\/cepiacostarica.org\/wp-content\/uploads\/2023\/02\/News_Oct-Dec-32.webp\" alt=\"\" width=\"550\" height=\"383\" srcset=\"https:\/\/cepiacostarica.org\/wp-content\/uploads\/2023\/02\/News_Oct-Dec-32.webp 550w, https:\/\/cepiacostarica.org\/wp-content\/uploads\/2023\/02\/News_Oct-Dec-32-300x209.webp 300w, https:\/\/cepiacostarica.org\/wp-content\/uploads\/2023\/02\/News_Oct-Dec-32-269x187.webp 269w\" sizes=\"auto, (max-width: 550px) 100vw, 550px\" \/><br \/>\nEn mes de diciembre gracias al subsidio brindado por el PANI, las personas menores de edad pudieron disfrutar de diferentes giras recreativas que se llevaran acabo en el mes de enero del 2023. Ha sido un a\u00f1o de mucha satisfacci\u00f3n para todas las personas menores de edad atendidas, donde tienen un espacio seguro de cuido y protecci\u00f3n.<br \/>\n<a name=\"universitarios-de-apoyo\"><\/a><\/p>\n<h2>Estudiantes universitarios de apoyo<\/h2>\n<p><img data-dominant-color=\"6b7a78\" data-has-transparency=\"false\" style=\"--dominant-color: #6b7a78;\" loading=\"lazy\" decoding=\"async\" class=\"aligncenter size-full wp-image-4476 not-transparent\" src=\"https:\/\/cepiacostarica.org\/wp-content\/uploads\/2023\/02\/News_Oct-Dec-33.webp\" alt=\"\" width=\"550\" height=\"413\" srcset=\"https:\/\/cepiacostarica.org\/wp-content\/uploads\/2023\/02\/News_Oct-Dec-33.webp 550w, https:\/\/cepiacostarica.org\/wp-content\/uploads\/2023\/02\/News_Oct-Dec-33-300x225.webp 300w, https:\/\/cepiacostarica.org\/wp-content\/uploads\/2023\/02\/News_Oct-Dec-33-249x187.webp 249w\" sizes=\"auto, (max-width: 550px) 100vw, 550px\" \/><br \/>\nQueremos extender una agradecimiento especial a la Escuela de enfermer\u00eda de la Universidad Latina de Santa Cruz por su acompa\u00f1amiento durante el 2022 en los diferentes procesos desarrollados en el Centro de Cuido, trabajo en comunidad y apoyo al Circulo de Mujeres.<br \/>\n<a name=\"fiesta-blanco-negro\"><\/a><\/p>\n<h2>Decimo aniversario de la fiesta Blanco y Negro, edici\u00f3n color!<\/h2>\n<p><img data-dominant-color=\"8d7765\" data-has-transparency=\"false\" style=\"--dominant-color: #8d7765;\" loading=\"lazy\" decoding=\"async\" class=\"aligncenter size-full wp-image-4478 not-transparent\" src=\"https:\/\/cepiacostarica.org\/wp-content\/uploads\/2023\/02\/News_Oct-Dec-34-35.webp\" alt=\"\" width=\"630\" height=\"219\" srcset=\"https:\/\/cepiacostarica.org\/wp-content\/uploads\/2023\/02\/News_Oct-Dec-34-35.webp 630w, https:\/\/cepiacostarica.org\/wp-content\/uploads\/2023\/02\/News_Oct-Dec-34-35-300x104.webp 300w, https:\/\/cepiacostarica.org\/wp-content\/uploads\/2023\/02\/News_Oct-Dec-34-35-280x97.webp 280w\" sizes=\"auto, (max-width: 630px) 100vw, 630px\" \/><br \/>\n\u00a1Estamos muy contentos de anunciar que gracias al apoyo de 400 asistentes, muchos patrocinadores y el apoyo excepcional de Pangas, la fiesta de recaudaci\u00f3n de fondos Blanco y Negro 2022 recaud\u00f3 $ 50,280 !!! Estamos sumamente agradecidos con los patrocinadores platino del evento de este a\u00f1o: Reserva Conchal, Mariposa Vacation Homes, RPM Tamarindo. Tambi\u00e9n agradecemos a Nalakai, Robin B. Movement and Wellness Coach y Pico Bistro por su apoyo excepcional.<\/p>\n<p>La fiesta tambi\u00e9n fue patrocinada por 5 Star Luxury Rentals of Tamarindo, Capitan Suizo, Pangas, Serendipity Charters, Surfbox, Remax Ocean Surf &#038; Sun, DJ Orias y Ocaso Festival, Brother Brutus, TamCam, Carla Rowlings photography, Floristeria Cristal, Hielo Friza.<\/p>\n<p>Aunque enfrentamos a un d\u00eda MUY lluvioso, el cielo se abri\u00f3 al comienzo de la noche y nos permiti\u00f3 disfrutar de una deliciosa cena Pangas, degustar c\u00f3cteles \u00fanicos, probar mezcal de Noble Coyote y una variedad de deliciosos vinos de Corbe Gourmet. Brother Brutus Band y el festival Ocaso dieron a todos la energ\u00eda para bailar toda la noche.<\/p>\n<p>Este evento tambi\u00e9n fue una recaudaci\u00f3n de fondos tan exitosa porque muchas empresas donaron productos y servicios para la subasta silenciosa:<\/p>\n<p><em>2 Aves, 506 ATV Tours, Alegria soaps, Ali Graham, Antonio Saba, Aurea, Azul Profundo, Bagus, Bamboo sushi, Bendita, Blue dolphin, Blue Zone experiences, Boa Brewery, Boomerang Tours, Capitan suizo, Capullo fishing, Casa chameleon, Casa y Mas, Castillo de Lilo, Clinica Veterinaria Dra Karla Carvajal, veterinaria Cavallini, Coco Day Spa, Colores del pacifico, Cura sana, DOMA home decor, Dr Eduardo villalobos beauty clinic, Dragonfly, EK Art Jewelry, El Huerto playa grande, Fish &amp; Cheese, Fresa en agua nail bar, Haciena guachipilin, HandleBar, Hang Ten, Hotel Luna Llena, Hotel playa negra, John Ryan &#8211; Festoon Salon, JW Marriott, La Barrica, La Boca, Las catalinas, Lazy Lizzard Sailing, Life is better at sea, Lilian wine store, Lola&#8217;s, Los Altos de Eros, Lydia Beech Art, Malu art, Mama Kona, Margaritaville, Marlin del Rey, Maryola Tours, North Pacific Legal, Ojos del Mar, Pachanga, el Santuario, Pascual, Patagonia del grill, Patagonia del mar, Petit paris, Playtide Catamaran &amp; Charters, Pots &amp; Bowls, Pura vida ride, Reserva conchal golf course, Rightway, Rip jack inn, Sentido Norte, Serendipity charters, Silvia Cruz, Surf Club Bar &amp; Grill, Swell Dealer, Tamarindo Tours Discovery, Tempisque Eco Tours, The Coast, The Grateful Hotel, The Palms, The Shack, The W hotel, Ti marouba Sailing, Unity center, Urban Nature, Villa Deevina, Wake Spa at Las Catalinas, Westin hotel, Wonder Away.<\/em><\/p>\n<p>Puedes encontrar fotos del evento en estos 2 enlaces:<br \/>\n<a href=\"https:\/\/carlarowlings.zenfolio.com\/p915241126\" target=\"_blank\" rel=\"noopener\">https:\/\/carlarowlings.zenfolio.com\/p915241126<\/a><br \/>\n<a href=\"https:\/\/tamcammedia.pixieset.com\/blackandwhitefundraiser\/\" target=\"_blank\" rel=\"noopener\">https:\/\/tamcammedia.pixieset.com\/blackandwhitefundraiser\/<\/a><br \/>\n<a name=\"gracias\"><\/a><\/p>\n<h2 style=\"text-align: center;\">\u00a1Gracias a nuestros Donantes!<\/h2>\n<h3 style=\"text-align: center;\">Donantes Ballenas<\/h3>\n<p style=\"text-align: center;\">BOMBA Huacas<br \/>\nLas Ventanas de Playa Grande<br \/>\nRocketgenius<br \/>\nNick Sondel<br \/>\nTodd &amp; Mary Heistand Family Foundation<br \/>\nTroper Wojcicki Foundation<br \/>\nKaplan family<br \/>\nReserva Conchal<br \/>\nJon &amp; Lisa Reichlin<br \/>\nJodi Gallant &amp; Stuart Sheldon<br \/>\nJohn &amp; Donna Sommer<br \/>\nJulie &amp; Jeff Jumonville<br \/>\nFRAME projects<br \/>\nMar Vista<br \/>\nBart Van Vooren<br \/>\nBella Vida<br \/>\nMartyn &amp; Debi Hoffmann<br \/>\nDaley Family Fund<br \/>\nPatricia Diak<br \/>\nTed Alexander<br \/>\nArlene Kahn<br \/>\nPavel and Kimberly Oliva Charitable Fund<br \/>\nMariposa Homes<br \/>\nHuifen &amp; Kirk Dunn<br \/>\nJunta de Protecci\u00f3n Social, IMAS, PANI<br \/>\nVOLO foundation<br \/>\nAutomercado<br \/>\nMarlin del Rey<br \/>\nLifewave<\/p>\n<h3 style=\"text-align: center;\">\u00a1gracias tiburones!<\/h3>\n<p style=\"text-align: center;\">SHARKY\u2019S TAMARINDO, IGUANA SURF Tamarindo, Jorge &amp; Nicholas Alers, Super MASSAI, Hotel Gilded Iguana Nosara, JSM Santa Rosa, Jeffrey Christo, RPM rentals Tamarindo, Travel Pioneers, Anne Ferris \/ Nalakai, Alfa company, Terri mcCarthy, Karuna Happiness Foundation, Linnea &amp; John Hauser, Art Ramirez, Cate and Dave Stallworth &amp; Anderson, Tammy Bedey, Karen Sheppard, Robin B. Movement and Wellness Coach, Pico Bistro, Pangas restaurant, PETE BASSETT, Uniform advantage, Robert Smith, Megan Shetler<\/p>\n<h3 style=\"text-align: center;\">Gracias tambien a<\/h3>\n<p style=\"text-align: center;\">Marida Hines, Garrett Benton, Lindsay Gratton, Amy Bonnett, Brandon Cook, David Kegerreis, Tammy Bedey, Janet Rivera, Alex Lago, Karen Butorac, Quinn Cox, Christy Peterson, Scott Marks, Wendy Twardzik, Paola Retana, Mary Ferri, Vittoria lasko, Carrie Brown, Andrew Rappaport, Nila Leiserowitz, Kathy Kowals, Star Luxury Rentals of Tamarindo, Capitan Suizo, Serendipity Charters, Surfbox, Remax Ocean Surf &amp; Sun, DJ Orias and Ocaso Festival, Brother Brutus, TamCam, Carla Rowlings photography, Floristeria Cristal, Hielo Friza, Corbe Gourmet, GINGER ROOTS reggae band, THE CONSIGNMENT STORE, WANDERWORLD travel, Sarah Odell, Stacy Deslatte, Cura Sana, Betsy Lin, Traverse Journeys, Yves and Cathy Deweer, Joseph y Pilar Barba, bonnie bradshaw, Rachel White.<\/p>\n<h3 style=\"text-align: center;\">Gracias por sus donaciones materiales<\/h3>\n<p style=\"text-align: center;\">Alona Kushnarenko, Enfermeros de la U Latina, Rosmey Monge, Alejandra Parady, Jon, Stephanie Ashley, Laurel Rooney, Tony Dimaggio, Jose Antonio Lopez, Joshua Wilson, Joshua Sandi Alvarado, Joshua Sandi Alvarado, Wil Nu\u00f1ez, Jennifer Velazquez, Freddy Leal Jaen, Magaly Beneditt Lopez, Amelia Bict, Lauren dea Roney, Casa y Mas, Michael L Kinloch, Ken Rackers, Tamara Madnthyn, Brad Ellen, Kimberly y Pavel Oliva, Luisa Reyes, Bill Bice, Hazel Gutierrez R, Jose Francisco Hernandez, Katie and Mark Kyte, Pablo Rojas R, Jason Abernathy, Heather Carpay, Abrahan Valenzuela, Alba Gutierrez Vega, Louise Boyd, Lio, Marilu Caravaca Aguirre, Vanessa Carmiol S, Kryz Dayan Uma\u00f1a Chac\u00f3n, Rachel Davis, Karry Bratton, Constina Howley, Debra Marcos, M. Teresa Okecki, Aya Natan, Harlan Clark, Patio Panaderia, Jorge L Guiti\u00e9rrez, Casa y m\u00e1s, Clot Camille, Ian Bean, Jennifer Cavette, Kirsy Blanco Torrentes, Herifen Dunm, Christian Villalobos Ortiz, Ornela Estefan\u00eda Constantini, Luisa Reyes, Am\u00e9lie Bizet, Prevel Camille, Hannah Alton, Courtney Cambert, Adri\u00e1n Muscio, Lio Acina, Petra Schocp, Sophie Toyes, Swe Jahn, Kirster Tutuner, Vincent Lasnicki, Paula Thompson, Alina Lio, Mario Perez, Nicole Blanco, Kristin Craig, Dmitri Castillo, Lorena Castillo, Dana Elarte, Amelie Bizet, Jason Abernathy, Debra Marcos, Hazel Gutierrez, Remax Tamarindo, Marcos Clajudio, Jenifer Caovette, Kendle Bate , Gail Wilson, Hazel Gutierrez, Maria Terese Olachi, Sophie Mensu, Jefta Bade, Stephanie Alles, Kristi Riley, Mariana Lopez, John Haosse, Andra Olinic, Iant Corynne Bean, Monserrat Cordero, Almacen Organico y Natural, Jaume Pericas, Kalai Jonson, Linnea Hauser, Brad Brown, Marilu Caravaca Aguirre, Ignacio Holst, Xinia Ocampo Ch, Jaason Abernathy, Withch Rock Industries S.A, Jessica Scordamaglin, Alejandra Benavides, Edgar Roy Ramirez Brice\u00f1o, Ian Bean, Bryan Scordamglk, Constina Howley, Elma Relihan, Jeffa Bade, Vanessa Carmiol, Vanessa Saenz, Eleazar Borch, Abdalde Romero, Gill Taylor, Wendy Valverde, Carla Paiva, Jose Antonio Leal, Gene Miraflores, Isabelle Eppler, Alejandra Calvo, Cpill Taylor, Martin Salerno, Ryan Sciancon, Xinia Chevez, Paula Thompson, Ivelisse Simon, Stephanie Gough, Elizabeth Daly.<\/p>\n<p>Gracias a Carol Gardner, del Proyecto Fabricando mentes, dise\u00f1ando hermosos vestidos para ni\u00f1as de escasos recursos econ\u00f3micos, a Toni Henning por la donaci\u00f3n de zapatos tenis a los j\u00f3venes.<\/p>\n<h3 style=\"text-align: center;\">Agradecimientos donantes subasta del evento Blanco y negro<\/h3>\n<p style=\"text-align: center;\">2 Aves, 506 ATV Tours, Alegria, Ali Graham, Antonio Saba, Aurea, Azul Profundo, Bagus, Bamboo, Bendita Tamarnido, Blue dolphin, Blue Zone experiences, Boa Brewery, Boomerang Tours, Capitan suizo, Capullo fishing, Casa chameleon, Casa y Mas, Castillo de Lilo, Clinica Veterinaria Dra Karla Carvajal, Cavallini, Coco Day Spa, Colores del pacifico, Cura sana, DOMA home decor, Dr Eduardo villalobos beauty clinic, Dragonfly, EK Art Jewelery, El Huerto playa grande, Fish &amp; Cheese, Fresa en agua nail bar, Haciena guachipilin, HandleBar, Hang Ten, Hotel Luna Llena, Hotel playa negra, John Ryan &#8211; Festoon Salon, JW Marriott, La Barrica, La Boca, Las catalinas, Lazy Lizzard Sailing, Life is better at sea, Lilian wine store, Lola&#8217;s, Los Altos de Eros, Lydia Beech Art, Malu art, Mama Kona, Margaritaville, Marlin del Rey, Maryola Tours, North Pacific Legal, Ojos del Mar, Pachanga, Paquete Dueno Santuario, Pascual, Patagonia del grill, Patagonia del mar, Petit paris, Pico bistro, Playtide Catamaran &amp; Charters, Pots &amp; Bowls \u2013 Grande, Pura vida ride, Reserva conchal, Rightway, Rip jack inn, Robin B Movement Studio, Sentido Norte, Serendipity charters, Silvia Cruz, Surf Club Bar &amp; Grill, Swell Dealer, Tamarindo Tours Discovery, Tempisque eco tours, The coast, The Grateful Hotel, The Palms, The Shack, The W hotel, Ti marouba Sailing, Unity center, Urban Nature, Villa Deevina, Wake spa at las catalinas, Westin hotel, Wonder Away.<\/p>\n<h3 style=\"text-align: center;\">Agradecemos a estos negocios por contar con un \u00e1rbol de Angel para los regalos de Navidad:<\/h3>\n<p style=\"text-align: center;\">Jungle Kids Toy Store, Carpe Diem, Cavallini Vet Hospital, Gracia, La Paz, Marie&#8217;s Restaurant, Pura Vida French Touch, Surfbox, The Palms, Petit paris, Alo Nico, Beach Community Church, Casa Chameleon, Copper and Stone, Educarte School, Langosta Surf Club, Las Catalinas Concierge, Nita coffee, Page Turner books, Pangas, Pura Vida Ride, Tamarindo Bay Hotel, Tide Academy, Ali &#8216;s treehouse preschool, Bamboo Sushi Club, Conchal hotel, La Boca, Patagonia Grill tamarindo, AggA Epokas, Cafeter\u00eda, Patagonia Del Mar, Caf\u00e9 Mar Azul, El Huerto, Playa grande surf camp, Hemingway\u2019s, Reserva Conchal concierge, Costa rica sailing center, Cria Academy, Potrero brewery, Little Tropics, , Soli Surf, Nimbu Spa, Pots &amp; Bowls, Outside the Box.<\/p>\n<h4 style=\"text-align: center;\">\u00a1Tu ayuda hace la diferencia!<\/h4>\n<h3>Segu\u00ednos! Follow Us!<\/h3>\n<p><a href=\"https:\/\/www.facebook.com\/groups\/1624238844396009\/\" target=\"_blank\" rel=\"noopener\">New CEPIA friends Group<\/a><br \/>\nFB: <a href=\"https:\/\/www.facebook.com\/cepiacostarica1\" target=\"_blank\" rel=\"dofollow noreferrer noopener\">cepiacostarica1<\/a><br \/>\nIG: <a href=\"https:\/\/www.instagram.com\/cepia_costa_rica\/\" target=\"_blank\" rel=\"dofollow noreferrer noopener\">cepia_costa_rica<\/a><br \/>\nwww.cepiacostarica.org<br \/>\n#wearecepia<\/p>\n<h5>\u00a1S\u00e9 el cambio que quieres ver en el mundo!<\/h5>\n","protected":false},"excerpt":{"rendered":"<p>Una exitosa Campa\u00f1a de Navidad en Guanacaste Gracias a todos las personas que donaron regalos y dinero para la compra de regalos!! Gracias al evento Blanco y negro, y gracias a las donaciones de regalos se logr\u00f3 entregar regalos de Navidad a m\u00e1s de 1250 ni\u00f1os y ni\u00f1as!! 110 familias recibieron un paquete de alimentos<\/p>\n","protected":false},"author":1,"featured_media":4437,"comment_status":"closed","ping_status":"closed","sticky":false,"template":"","format":"standard","meta":{"give_campaign_id":0,"footnotes":""},"categories":[539],"tags":[],"class_list":["post-4487","post","type-post","status-publish","format-standard","has-post-thumbnail","hentry","category-novedades-de-cepia"],"yoast_head":"<!-- This site is optimized with the Yoast SEO plugin v27.5 - https:\/\/yoast.com\/product\/yoast-seo-wordpress\/ -->\n<title>Bolet\u00edn de noticias Octubre \u2013 Diciembre 2022 &#8212; CEPIA Costa Rica<\/title>\n<meta name=\"description\" content=\"Bolet\u00edn de noticias Octubre \u2013 Diciembre 2022 - CEPIA Costa Rica\" \/>\n<meta name=\"robots\" content=\"index, follow, max-snippet:-1, max-image-preview:large, max-video-preview:-1\" \/>\n<link rel=\"canonical\" href=\"https:\/\/cepiacostarica.org\/es\/news\/2023\/02\/boletin-de-noticias-octubre-diciembre-2022\/\" \/>\n<meta property=\"og:locale\" content=\"es_ES\" \/>\n<meta property=\"og:type\" content=\"article\" \/>\n<meta property=\"og:title\" content=\"Bolet\u00edn de noticias Octubre \u2013 Diciembre 2022 &#8212; CEPIA Costa Rica\" \/>\n<meta property=\"og:description\" content=\"Bolet\u00edn de noticias Octubre \u2013 Diciembre 2022 - CEPIA Costa Rica\" \/>\n<meta property=\"og:url\" content=\"https:\/\/cepiacostarica.org\/es\/news\/2023\/02\/boletin-de-noticias-octubre-diciembre-2022\/\" \/>\n<meta property=\"og:site_name\" content=\"CEPIA Costa Rica\" \/>\n<meta property=\"article:publisher\" content=\"https:\/\/www.facebook.com\/cepiacostarica1\/\" \/>\n<meta property=\"article:published_time\" content=\"2023-02-03T06:22:56+00:00\" \/>\n<meta property=\"article:modified_time\" content=\"2023-02-03T07:42:02+00:00\" \/>\n<meta property=\"og:image\" content=\"https:\/\/cepiacostarica.org\/wp-content\/uploads\/2023\/02\/NewsOct-Dec-2022-png.webp\" \/>\n\t<meta property=\"og:image:width\" content=\"1200\" \/>\n\t<meta property=\"og:image:height\" content=\"800\" \/>\n\t<meta property=\"og:image:type\" content=\"image\/png\" \/>\n<meta name=\"author\" content=\"CEPIA Costa Rica\" \/>\n<meta name=\"twitter:card\" content=\"summary_large_image\" \/>\n<meta name=\"twitter:label1\" content=\"Written by\" \/>\n\t<meta name=\"twitter:data1\" content=\"CEPIA Costa Rica\" \/>\n\t<meta name=\"twitter:label2\" content=\"Est. reading time\" \/>\n\t<meta name=\"twitter:data2\" content=\"23 minutos\" \/>\n<script type=\"application\/ld+json\" class=\"yoast-schema-graph\">{\"@context\":\"https:\\\/\\\/schema.org\",\"@graph\":[{\"@type\":\"Article\",\"@id\":\"https:\\\/\\\/cepiacostarica.org\\\/es\\\/news\\\/2023\\\/02\\\/boletin-de-noticias-octubre-diciembre-2022\\\/#article\",\"isPartOf\":{\"@id\":\"https:\\\/\\\/cepiacostarica.org\\\/es\\\/news\\\/2023\\\/02\\\/boletin-de-noticias-octubre-diciembre-2022\\\/\"},\"author\":{\"name\":\"CEPIA Costa Rica\",\"@id\":\"https:\\\/\\\/cepiacostarica.org\\\/es\\\/#\\\/schema\\\/person\\\/9e08ae3bb870405954664046b8e6d1ce\"},\"headline\":\"Bolet\u00edn de noticias Octubre &#8211; Diciembre 2022\",\"datePublished\":\"2023-02-03T06:22:56+00:00\",\"dateModified\":\"2023-02-03T07:42:02+00:00\",\"mainEntityOfPage\":{\"@id\":\"https:\\\/\\\/cepiacostarica.org\\\/es\\\/news\\\/2023\\\/02\\\/boletin-de-noticias-octubre-diciembre-2022\\\/\"},\"wordCount\":4669,\"publisher\":{\"@id\":\"https:\\\/\\\/cepiacostarica.org\\\/es\\\/#organization\"},\"image\":{\"@id\":\"https:\\\/\\\/cepiacostarica.org\\\/es\\\/news\\\/2023\\\/02\\\/boletin-de-noticias-octubre-diciembre-2022\\\/#primaryimage\"},\"thumbnailUrl\":\"https:\\\/\\\/cepiacostarica.org\\\/wp-content\\\/uploads\\\/2023\\\/02\\\/NewsOct-Dec-2022-png.webp\",\"articleSection\":[\"Novedades CEPIA\"],\"inLanguage\":\"es-CR\"},{\"@type\":\"WebPage\",\"@id\":\"https:\\\/\\\/cepiacostarica.org\\\/es\\\/news\\\/2023\\\/02\\\/boletin-de-noticias-octubre-diciembre-2022\\\/\",\"url\":\"https:\\\/\\\/cepiacostarica.org\\\/es\\\/news\\\/2023\\\/02\\\/boletin-de-noticias-octubre-diciembre-2022\\\/\",\"name\":\"Bolet\u00edn de noticias Octubre \u2013 Diciembre 2022 &#8212; CEPIA Costa Rica\",\"isPartOf\":{\"@id\":\"https:\\\/\\\/cepiacostarica.org\\\/es\\\/#website\"},\"primaryImageOfPage\":{\"@id\":\"https:\\\/\\\/cepiacostarica.org\\\/es\\\/news\\\/2023\\\/02\\\/boletin-de-noticias-octubre-diciembre-2022\\\/#primaryimage\"},\"image\":{\"@id\":\"https:\\\/\\\/cepiacostarica.org\\\/es\\\/news\\\/2023\\\/02\\\/boletin-de-noticias-octubre-diciembre-2022\\\/#primaryimage\"},\"thumbnailUrl\":\"https:\\\/\\\/cepiacostarica.org\\\/wp-content\\\/uploads\\\/2023\\\/02\\\/NewsOct-Dec-2022-png.webp\",\"datePublished\":\"2023-02-03T06:22:56+00:00\",\"dateModified\":\"2023-02-03T07:42:02+00:00\",\"description\":\"Bolet\u00edn de noticias Octubre \u2013 Diciembre 2022 - CEPIA Costa Rica\",\"breadcrumb\":{\"@id\":\"https:\\\/\\\/cepiacostarica.org\\\/es\\\/news\\\/2023\\\/02\\\/boletin-de-noticias-octubre-diciembre-2022\\\/#breadcrumb\"},\"inLanguage\":\"es-CR\",\"potentialAction\":[{\"@type\":\"ReadAction\",\"target\":[\"https:\\\/\\\/cepiacostarica.org\\\/es\\\/news\\\/2023\\\/02\\\/boletin-de-noticias-octubre-diciembre-2022\\\/\"]}]},{\"@type\":\"ImageObject\",\"inLanguage\":\"es-CR\",\"@id\":\"https:\\\/\\\/cepiacostarica.org\\\/es\\\/news\\\/2023\\\/02\\\/boletin-de-noticias-octubre-diciembre-2022\\\/#primaryimage\",\"url\":\"https:\\\/\\\/cepiacostarica.org\\\/wp-content\\\/uploads\\\/2023\\\/02\\\/NewsOct-Dec-2022-png.webp\",\"contentUrl\":\"https:\\\/\\\/cepiacostarica.org\\\/wp-content\\\/uploads\\\/2023\\\/02\\\/NewsOct-Dec-2022-png.webp\",\"width\":1200,\"height\":800},{\"@type\":\"BreadcrumbList\",\"@id\":\"https:\\\/\\\/cepiacostarica.org\\\/es\\\/news\\\/2023\\\/02\\\/boletin-de-noticias-octubre-diciembre-2022\\\/#breadcrumb\",\"itemListElement\":[{\"@type\":\"ListItem\",\"position\":1,\"name\":\"Home\",\"item\":\"https:\\\/\\\/cepiacostarica.org\\\/es\\\/\"},{\"@type\":\"ListItem\",\"position\":2,\"name\":\"Novedades CEPIA\",\"item\":\"https:\\\/\\\/cepiacostarica.org\\\/es\\\/novedades-de-cepia\\\/\"},{\"@type\":\"ListItem\",\"position\":3,\"name\":\"Bolet\u00edn de noticias Octubre &#8211; Diciembre 2022\"}]},{\"@type\":\"WebSite\",\"@id\":\"https:\\\/\\\/cepiacostarica.org\\\/es\\\/#website\",\"url\":\"https:\\\/\\\/cepiacostarica.org\\\/es\\\/\",\"name\":\"CEPIA Costa Rica\",\"description\":\"S\u00e9 el cambio que quieres ver en el mundo\",\"publisher\":{\"@id\":\"https:\\\/\\\/cepiacostarica.org\\\/es\\\/#organization\"},\"potentialAction\":[{\"@type\":\"SearchAction\",\"target\":{\"@type\":\"EntryPoint\",\"urlTemplate\":\"https:\\\/\\\/cepiacostarica.org\\\/es\\\/?s={search_term_string}\"},\"query-input\":{\"@type\":\"PropertyValueSpecification\",\"valueRequired\":true,\"valueName\":\"search_term_string\"}}],\"inLanguage\":\"es-CR\"},{\"@type\":\"Organization\",\"@id\":\"https:\\\/\\\/cepiacostarica.org\\\/es\\\/#organization\",\"name\":\"Asociacion CEPIA\",\"url\":\"https:\\\/\\\/cepiacostarica.org\\\/es\\\/\",\"logo\":{\"@type\":\"ImageObject\",\"inLanguage\":\"es-CR\",\"@id\":\"https:\\\/\\\/cepiacostarica.org\\\/es\\\/#\\\/schema\\\/logo\\\/image\\\/\",\"url\":\"https:\\\/\\\/cepiacostarica.org\\\/wp-content\\\/uploads\\\/2019\\\/11\\\/logo_PP_CEPIA-png.webp\",\"contentUrl\":\"https:\\\/\\\/cepiacostarica.org\\\/wp-content\\\/uploads\\\/2019\\\/11\\\/logo_PP_CEPIA-png.webp\",\"width\":289,\"height\":94,\"caption\":\"Asociacion CEPIA\"},\"image\":{\"@id\":\"https:\\\/\\\/cepiacostarica.org\\\/es\\\/#\\\/schema\\\/logo\\\/image\\\/\"},\"sameAs\":[\"https:\\\/\\\/www.facebook.com\\\/cepiacostarica1\\\/\",\"https:\\\/\\\/www.instagram.com\\\/cepia_costa_rica\\\/\",\"https:\\\/\\\/www.youtube.com\\\/@CEPIACosta_Rica\"]},{\"@type\":\"Person\",\"@id\":\"https:\\\/\\\/cepiacostarica.org\\\/es\\\/#\\\/schema\\\/person\\\/9e08ae3bb870405954664046b8e6d1ce\",\"name\":\"CEPIA Costa Rica\",\"image\":{\"@type\":\"ImageObject\",\"inLanguage\":\"es-CR\",\"@id\":\"https:\\\/\\\/secure.gravatar.com\\\/avatar\\\/887a58552fce56951d0c9e0977e9aaeff2abaa5ff97ad497edb97e6139be6daf?s=96&d=mm&r=g\",\"url\":\"https:\\\/\\\/secure.gravatar.com\\\/avatar\\\/887a58552fce56951d0c9e0977e9aaeff2abaa5ff97ad497edb97e6139be6daf?s=96&d=mm&r=g\",\"contentUrl\":\"https:\\\/\\\/secure.gravatar.com\\\/avatar\\\/887a58552fce56951d0c9e0977e9aaeff2abaa5ff97ad497edb97e6139be6daf?s=96&d=mm&r=g\",\"caption\":\"CEPIA Costa Rica\"}}]}<\/script>\n<!-- \/ Yoast SEO plugin. -->","yoast_head_json":{"title":"Bolet\u00edn de noticias Octubre \u2013 Diciembre 2022 &#8212; CEPIA Costa Rica","description":"Bolet\u00edn de noticias Octubre \u2013 Diciembre 2022 - CEPIA Costa Rica","robots":{"index":"index","follow":"follow","max-snippet":"max-snippet:-1","max-image-preview":"max-image-preview:large","max-video-preview":"max-video-preview:-1"},"canonical":"https:\/\/cepiacostarica.org\/es\/news\/2023\/02\/boletin-de-noticias-octubre-diciembre-2022\/","og_locale":"es_ES","og_type":"article","og_title":"Bolet\u00edn de noticias Octubre \u2013 Diciembre 2022 &#8212; CEPIA Costa Rica","og_description":"Bolet\u00edn de noticias Octubre \u2013 Diciembre 2022 - CEPIA Costa Rica","og_url":"https:\/\/cepiacostarica.org\/es\/news\/2023\/02\/boletin-de-noticias-octubre-diciembre-2022\/","og_site_name":"CEPIA Costa Rica","article_publisher":"https:\/\/www.facebook.com\/cepiacostarica1\/","article_published_time":"2023-02-03T06:22:56+00:00","article_modified_time":"2023-02-03T07:42:02+00:00","og_image":[{"width":1200,"height":800,"url":"https:\/\/cepiacostarica.org\/wp-content\/uploads\/2023\/02\/NewsOct-Dec-2022-png.webp","type":"image\/png"}],"author":"CEPIA Costa Rica","twitter_card":"summary_large_image","twitter_misc":{"Written by":"CEPIA Costa Rica","Est. reading time":"23 minutos"},"schema":{"@context":"https:\/\/schema.org","@graph":[{"@type":"Article","@id":"https:\/\/cepiacostarica.org\/es\/news\/2023\/02\/boletin-de-noticias-octubre-diciembre-2022\/#article","isPartOf":{"@id":"https:\/\/cepiacostarica.org\/es\/news\/2023\/02\/boletin-de-noticias-octubre-diciembre-2022\/"},"author":{"name":"CEPIA Costa Rica","@id":"https:\/\/cepiacostarica.org\/es\/#\/schema\/person\/9e08ae3bb870405954664046b8e6d1ce"},"headline":"Bolet\u00edn de noticias Octubre &#8211; Diciembre 2022","datePublished":"2023-02-03T06:22:56+00:00","dateModified":"2023-02-03T07:42:02+00:00","mainEntityOfPage":{"@id":"https:\/\/cepiacostarica.org\/es\/news\/2023\/02\/boletin-de-noticias-octubre-diciembre-2022\/"},"wordCount":4669,"publisher":{"@id":"https:\/\/cepiacostarica.org\/es\/#organization"},"image":{"@id":"https:\/\/cepiacostarica.org\/es\/news\/2023\/02\/boletin-de-noticias-octubre-diciembre-2022\/#primaryimage"},"thumbnailUrl":"https:\/\/cepiacostarica.org\/wp-content\/uploads\/2023\/02\/NewsOct-Dec-2022-png.webp","articleSection":["Novedades CEPIA"],"inLanguage":"es-CR"},{"@type":"WebPage","@id":"https:\/\/cepiacostarica.org\/es\/news\/2023\/02\/boletin-de-noticias-octubre-diciembre-2022\/","url":"https:\/\/cepiacostarica.org\/es\/news\/2023\/02\/boletin-de-noticias-octubre-diciembre-2022\/","name":"Bolet\u00edn de noticias Octubre \u2013 Diciembre 2022 &#8212; CEPIA Costa Rica","isPartOf":{"@id":"https:\/\/cepiacostarica.org\/es\/#website"},"primaryImageOfPage":{"@id":"https:\/\/cepiacostarica.org\/es\/news\/2023\/02\/boletin-de-noticias-octubre-diciembre-2022\/#primaryimage"},"image":{"@id":"https:\/\/cepiacostarica.org\/es\/news\/2023\/02\/boletin-de-noticias-octubre-diciembre-2022\/#primaryimage"},"thumbnailUrl":"https:\/\/cepiacostarica.org\/wp-content\/uploads\/2023\/02\/NewsOct-Dec-2022-png.webp","datePublished":"2023-02-03T06:22:56+00:00","dateModified":"2023-02-03T07:42:02+00:00","description":"Bolet\u00edn de noticias Octubre \u2013 Diciembre 2022 - CEPIA Costa Rica","breadcrumb":{"@id":"https:\/\/cepiacostarica.org\/es\/news\/2023\/02\/boletin-de-noticias-octubre-diciembre-2022\/#breadcrumb"},"inLanguage":"es-CR","potentialAction":[{"@type":"ReadAction","target":["https:\/\/cepiacostarica.org\/es\/news\/2023\/02\/boletin-de-noticias-octubre-diciembre-2022\/"]}]},{"@type":"ImageObject","inLanguage":"es-CR","@id":"https:\/\/cepiacostarica.org\/es\/news\/2023\/02\/boletin-de-noticias-octubre-diciembre-2022\/#primaryimage","url":"https:\/\/cepiacostarica.org\/wp-content\/uploads\/2023\/02\/NewsOct-Dec-2022-png.webp","contentUrl":"https:\/\/cepiacostarica.org\/wp-content\/uploads\/2023\/02\/NewsOct-Dec-2022-png.webp","width":1200,"height":800},{"@type":"BreadcrumbList","@id":"https:\/\/cepiacostarica.org\/es\/news\/2023\/02\/boletin-de-noticias-octubre-diciembre-2022\/#breadcrumb","itemListElement":[{"@type":"ListItem","position":1,"name":"Home","item":"https:\/\/cepiacostarica.org\/es\/"},{"@type":"ListItem","position":2,"name":"Novedades CEPIA","item":"https:\/\/cepiacostarica.org\/es\/novedades-de-cepia\/"},{"@type":"ListItem","position":3,"name":"Bolet\u00edn de noticias Octubre &#8211; Diciembre 2022"}]},{"@type":"WebSite","@id":"https:\/\/cepiacostarica.org\/es\/#website","url":"https:\/\/cepiacostarica.org\/es\/","name":"CEPIA Costa Rica","description":"S\u00e9 el cambio que quieres ver en el mundo","publisher":{"@id":"https:\/\/cepiacostarica.org\/es\/#organization"},"potentialAction":[{"@type":"SearchAction","target":{"@type":"EntryPoint","urlTemplate":"https:\/\/cepiacostarica.org\/es\/?s={search_term_string}"},"query-input":{"@type":"PropertyValueSpecification","valueRequired":true,"valueName":"search_term_string"}}],"inLanguage":"es-CR"},{"@type":"Organization","@id":"https:\/\/cepiacostarica.org\/es\/#organization","name":"Asociacion CEPIA","url":"https:\/\/cepiacostarica.org\/es\/","logo":{"@type":"ImageObject","inLanguage":"es-CR","@id":"https:\/\/cepiacostarica.org\/es\/#\/schema\/logo\/image\/","url":"https:\/\/cepiacostarica.org\/wp-content\/uploads\/2019\/11\/logo_PP_CEPIA-png.webp","contentUrl":"https:\/\/cepiacostarica.org\/wp-content\/uploads\/2019\/11\/logo_PP_CEPIA-png.webp","width":289,"height":94,"caption":"Asociacion CEPIA"},"image":{"@id":"https:\/\/cepiacostarica.org\/es\/#\/schema\/logo\/image\/"},"sameAs":["https:\/\/www.facebook.com\/cepiacostarica1\/","https:\/\/www.instagram.com\/cepia_costa_rica\/","https:\/\/www.youtube.com\/@CEPIACosta_Rica"]},{"@type":"Person","@id":"https:\/\/cepiacostarica.org\/es\/#\/schema\/person\/9e08ae3bb870405954664046b8e6d1ce","name":"CEPIA Costa Rica","image":{"@type":"ImageObject","inLanguage":"es-CR","@id":"https:\/\/secure.gravatar.com\/avatar\/887a58552fce56951d0c9e0977e9aaeff2abaa5ff97ad497edb97e6139be6daf?s=96&d=mm&r=g","url":"https:\/\/secure.gravatar.com\/avatar\/887a58552fce56951d0c9e0977e9aaeff2abaa5ff97ad497edb97e6139be6daf?s=96&d=mm&r=g","contentUrl":"https:\/\/secure.gravatar.com\/avatar\/887a58552fce56951d0c9e0977e9aaeff2abaa5ff97ad497edb97e6139be6daf?s=96&d=mm&r=g","caption":"CEPIA Costa Rica"}}]}},"_links":{"self":[{"href":"https:\/\/cepiacostarica.org\/es\/wp-json\/wp\/v2\/posts\/4487","targetHints":{"allow":["GET"]}}],"collection":[{"href":"https:\/\/cepiacostarica.org\/es\/wp-json\/wp\/v2\/posts"}],"about":[{"href":"https:\/\/cepiacostarica.org\/es\/wp-json\/wp\/v2\/types\/post"}],"author":[{"embeddable":true,"href":"https:\/\/cepiacostarica.org\/es\/wp-json\/wp\/v2\/users\/1"}],"replies":[{"embeddable":true,"href":"https:\/\/cepiacostarica.org\/es\/wp-json\/wp\/v2\/comments?post=4487"}],"version-history":[{"count":0,"href":"https:\/\/cepiacostarica.org\/es\/wp-json\/wp\/v2\/posts\/4487\/revisions"}],"wp:featuredmedia":[{"embeddable":true,"href":"https:\/\/cepiacostarica.org\/es\/wp-json\/wp\/v2\/media\/4437"}],"wp:attachment":[{"href":"https:\/\/cepiacostarica.org\/es\/wp-json\/wp\/v2\/media?parent=4487"}],"wp:term":[{"taxonomy":"category","embeddable":true,"href":"https:\/\/cepiacostarica.org\/es\/wp-json\/wp\/v2\/categories?post=4487"},{"taxonomy":"post_tag","embeddable":true,"href":"https:\/\/cepiacostarica.org\/es\/wp-json\/wp\/v2\/tags?post=4487"}],"curies":[{"name":"wp","href":"https:\/\/api.w.org\/{rel}","templated":true}]}}